{"id":72525,"date":"2024-02-05T10:36:20","date_gmt":"2024-02-05T13:36:20","guid":{"rendered":"https:\/\/www.todoeldia.com\/?p=72525"},"modified":"2024-02-05T11:31:34","modified_gmt":"2024-02-05T14:31:34","slug":"fuerte-temporal-en-oran-tiro-arboles-y-postes-de-luz","status":"publish","type":"post","link":"https:\/\/www.todoeldia.com\/index.php\/2024\/02\/05\/fuerte-temporal-en-oran-tiro-arboles-y-postes-de-luz\/","title":{"rendered":"Fuerte temporal en Or\u00e1n tiro \u00e1rboles y postes de luz"},"content":{"rendered":"\n<p>Ayer cerca de las 3 de la tarde un temporal de lluvia y viento se hizo presente en la ciudad de Oran.<\/p>\n\n\n\n<figure class=\"wp-block-image size-full is-resized\"><img loading=\"lazy\" decoding=\"async\" width=\"526\" height=\"528\" src=\"https:\/\/www.todoeldia.com\/wp-content\/uploads\/2024\/02\/image-29.png\" alt=\"\" class=\"wp-image-72547\" style=\"width:1035px;height:auto\" srcset=\"https:\/\/www.todoeldia.com\/wp-content\/uploads\/2024\/02\/image-29.png 526w, https:\/\/www.todoeldia.com\/wp-content\/uploads\/2024\/02\/image-29-300x301.png 300w, https:\/\/www.todoeldia.com\/wp-content\/uploads\/2024\/02\/image-29-150x150.png 150w, https:\/\/www.todoeldia.com\/wp-content\/uploads\/2024\/02\/image-29-418x420.png 418w\" sizes=\"auto, (max-width: 526px) 100vw, 526px\" \/><\/figure>\n\n\n\n<p>Comenz\u00f3 con fuertes vientos seguido luego por una tormenta, que, si bien trajo alivio a los oranenses por las altas temperaturas de los \u00faltimos d\u00edas, tambi\u00e9n provoc\u00f3 algunos da\u00f1os en la ciudad como la ca\u00edda de \u00e1rboles, postes del tendido el\u00e9ctrico y voladura de techos de chapas en algunas viviendas.<\/p>\n","protected":false},"excerpt":{"rendered":"<p>Ayer cerca de las 3 de la tarde un temporal de lluvia y viento se hizo presente en la ciudad de Oran. Comenz\u00f3 con fuertes vientos seguido luego por una tormenta, que, si bien trajo alivio a los oranenses por las altas temperaturas de los \u00faltimos d\u00edas, tambi\u00e9n provoc\u00f3 algunos da\u00f1os en la ciudad como [&hellip;]<\/p>\n","protected":false},"author":2,"featured_media":72526,"comment_status":"open","ping_status":"open","sticky":false,"template":"","format":"standard","meta":{"tdm_status":"","tdm_grid_status":"","_joinchat":[],"footnotes":""},"categories":[73],"tags":[],"class_list":{"0":"post-72525","1":"post","2":"type-post","3":"status-publish","4":"format-standard","5":"has-post-thumbnail","7":"category-noticias-general"},"amp_enabled":true,"_links":{"self":[{"href":"https:\/\/www.todoeldia.com\/index.php\/wp-json\/wp\/v2\/posts\/72525","targetHints":{"allow":["GET"]}}],"collection":[{"href":"https:\/\/www.todoeldia.com\/index.php\/wp-json\/wp\/v2\/posts"}],"about":[{"href":"https:\/\/www.todoeldia.com\/index.php\/wp-json\/wp\/v2\/types\/post"}],"author":[{"embeddable":true,"href":"https:\/\/www.todoeldia.com\/index.php\/wp-json\/wp\/v2\/users\/2"}],"replies":[{"embeddable":true,"href":"https:\/\/www.todoeldia.com\/index.php\/wp-json\/wp\/v2\/comments?post=72525"}],"version-history":[{"count":2,"href":"https:\/\/www.todoeldia.com\/index.php\/wp-json\/wp\/v2\/posts\/72525\/revisions"}],"predecessor-version":[{"id":72548,"href":"https:\/\/www.todoeldia.com\/index.php\/wp-json\/wp\/v2\/posts\/72525\/revisions\/72548"}],"wp:featuredmedia":[{"embeddable":true,"href":"https:\/\/www.todoeldia.com\/index.php\/wp-json\/wp\/v2\/media\/72526"}],"wp:attachment":[{"href":"https:\/\/www.todoeldia.com\/index.php\/wp-json\/wp\/v2\/media?parent=72525"}],"wp:term":[{"taxonomy":"category","embeddable":true,"href":"https:\/\/www.todoeldia.com\/index.php\/wp-json\/wp\/v2\/categories?post=72525"},{"taxonomy":"post_tag","embeddable":true,"href":"https:\/\/www.todoeldia.com\/index.php\/wp-json\/wp\/v2\/tags?post=72525"}],"curies":[{"name":"wp","href":"https:\/\/api.w.org\/{rel}","templated":true}]}}