{"id":72531,"date":"2024-02-05T10:42:51","date_gmt":"2024-02-05T13:42:51","guid":{"rendered":"https:\/\/www.todoeldia.com\/?p=72531"},"modified":"2024-02-05T10:42:52","modified_gmt":"2024-02-05T13:42:52","slug":"las-ventas-pyme-cayeron-en-enero-cuales-fueron-los-rubros-mas-afectados","status":"publish","type":"post","link":"https:\/\/www.todoeldia.com\/index.php\/2024\/02\/05\/las-ventas-pyme-cayeron-en-enero-cuales-fueron-los-rubros-mas-afectados\/","title":{"rendered":"Las ventas pyme cayeron en enero: cu\u00e1les fueron los rubros m\u00e1s afectados"},"content":{"rendered":"\n<p>Este inicio de a\u00f1o se caracteriz\u00f3 por un mal desempe\u00f1o en el sector comercial, marcado por escasas transacciones y una baja afluencia de p\u00fablico en los locales.<\/p>\n\n\n\n<p><\/p>\n\n\n\n<figure class=\"wp-block-image size-full is-resized\"><img loading=\"lazy\" decoding=\"async\" width=\"730\" height=\"647\" src=\"https:\/\/www.todoeldia.com\/wp-content\/uploads\/2024\/02\/image-28.png\" alt=\"\" class=\"wp-image-72532\" style=\"width:1035px;height:auto\" srcset=\"https:\/\/www.todoeldia.com\/wp-content\/uploads\/2024\/02\/image-28.png 730w, https:\/\/www.todoeldia.com\/wp-content\/uploads\/2024\/02\/image-28-300x266.png 300w, https:\/\/www.todoeldia.com\/wp-content\/uploads\/2024\/02\/image-28-696x617.png 696w, https:\/\/www.todoeldia.com\/wp-content\/uploads\/2024\/02\/image-28-474x420.png 474w\" sizes=\"auto, (max-width: 730px) 100vw, 730px\" \/><\/figure>\n\n\n\n<p>En enero 2024, las ventas minoristas de las peque\u00f1as y medianas empresas experimentaron una significativa disminuci\u00f3n del 28,5% en comparaci\u00f3n con el mismo per\u00edodo del a\u00f1o anterior, seg\u00fan la medici\u00f3n a precios constantes de la Confederaci\u00f3n Argentina de la Mediana Empresa (CAME). A nivel intermensual desestacionalizado, se registr\u00f3 un descenso del 6,4%.<\/p>\n\n\n\n<p>Este inicio de a\u00f1o se caracteriz\u00f3 por un mal desempe\u00f1o en el sector comercial, marcado por escasas transacciones y una baja afluencia de p\u00fablico en los locales.<\/p>\n","protected":false},"excerpt":{"rendered":"<p>Este inicio de a\u00f1o se caracteriz\u00f3 por un mal desempe\u00f1o en el sector comercial, marcado por escasas transacciones y una baja afluencia de p\u00fablico en los locales. En enero 2024, las ventas minoristas de las peque\u00f1as y medianas empresas experimentaron una significativa disminuci\u00f3n del 28,5% en comparaci\u00f3n con el mismo per\u00edodo del a\u00f1o anterior, seg\u00fan [&hellip;]<\/p>\n","protected":false},"author":2,"featured_media":72533,"comment_status":"open","ping_status":"open","sticky":false,"template":"","format":"standard","meta":{"tdm_status":"","tdm_grid_status":"","_joinchat":[],"footnotes":""},"categories":[60],"tags":[],"class_list":{"0":"post-72531","1":"post","2":"type-post","3":"status-publish","4":"format-standard","5":"has-post-thumbnail","7":"category-economia"},"amp_enabled":true,"_links":{"self":[{"href":"https:\/\/www.todoeldia.com\/index.php\/wp-json\/wp\/v2\/posts\/72531","targetHints":{"allow":["GET"]}}],"collection":[{"href":"https:\/\/www.todoeldia.com\/index.php\/wp-json\/wp\/v2\/posts"}],"about":[{"href":"https:\/\/www.todoeldia.com\/index.php\/wp-json\/wp\/v2\/types\/post"}],"author":[{"embeddable":true,"href":"https:\/\/www.todoeldia.com\/index.php\/wp-json\/wp\/v2\/users\/2"}],"replies":[{"embeddable":true,"href":"https:\/\/www.todoeldia.com\/index.php\/wp-json\/wp\/v2\/comments?post=72531"}],"version-history":[{"count":1,"href":"https:\/\/www.todoeldia.com\/index.php\/wp-json\/wp\/v2\/posts\/72531\/revisions"}],"predecessor-version":[{"id":72534,"href":"https:\/\/www.todoeldia.com\/index.php\/wp-json\/wp\/v2\/posts\/72531\/revisions\/72534"}],"wp:featuredmedia":[{"embeddable":true,"href":"https:\/\/www.todoeldia.com\/index.php\/wp-json\/wp\/v2\/media\/72533"}],"wp:attachment":[{"href":"https:\/\/www.todoeldia.com\/index.php\/wp-json\/wp\/v2\/media?parent=72531"}],"wp:term":[{"taxonomy":"category","embeddable":true,"href":"https:\/\/www.todoeldia.com\/index.php\/wp-json\/wp\/v2\/categories?post=72531"},{"taxonomy":"post_tag","embeddable":true,"href":"https:\/\/www.todoeldia.com\/index.php\/wp-json\/wp\/v2\/tags?post=72531"}],"curies":[{"name":"wp","href":"https:\/\/api.w.org\/{rel}","templated":true}]}}