{"id":72535,"date":"2024-02-05T10:58:33","date_gmt":"2024-02-05T13:58:33","guid":{"rendered":"https:\/\/www.todoeldia.com\/?p=72535"},"modified":"2024-02-05T10:58:33","modified_gmt":"2024-02-05T13:58:33","slug":"por-estar-en-silla-de-ruedas-le-dieron-8-anos-de-prision-domiciliaria-por-abusar-de-su-hija","status":"publish","type":"post","link":"https:\/\/www.todoeldia.com\/index.php\/2024\/02\/05\/por-estar-en-silla-de-ruedas-le-dieron-8-anos-de-prision-domiciliaria-por-abusar-de-su-hija\/","title":{"rendered":"Por estar en silla de ruedas le dieron 8 a\u00f1os \u00a0de prisi\u00f3n domiciliaria por abusar de su hija"},"content":{"rendered":"\n<p>Un hombre de 52 a\u00f1os fue condenado a ocho a\u00f1os y seis meses de prisi\u00f3n por resultar autor del delito de abuso sexual con acceso carnal en perjuicio de su hija.<\/p>\n\n\n\n<p>Debido a la condici\u00f3n de salud del imputado, la jueza Carolina Sanguedolce orden\u00f3 que contin\u00fae bajo la modalidad de prisi\u00f3n domiciliaria con monitoreo electr\u00f3nico (UADME).<\/p>\n\n\n\n<p>El imputado fue denunciado por su hija. La joven relat\u00f3 que en enero de 2023 se encontraba residiendo en casa de su padre. Hab\u00eda decidido instalarse all\u00ed con su hermana para ayudarlo pues se encontraba en silla de ruedas. Fue entonces que el acusado comenz\u00f3 a tener comportamientos obscenos y en dos ocasiones le introdujo los dedos en la vagina. La denunciante refiri\u00f3 que su padre le dec\u00eda que \u201c\u00e9l ten\u00eda necesidades como hombre\u201d y que su esposa lo hab\u00eda dejado por culpa de ella y de sus hermanas, as\u00ed que \u201ctodas lo iban a pagar\u201d.&nbsp;<\/p>\n\n\n\n<p>La v\u00edctima expres\u00f3 que no se animaba a irse de la casa por miedo a que el imputado les hiciera lo mismo a sus hermanas y sobrinas, que tambi\u00e9n resid\u00edan en el lugar.<\/p>\n","protected":false},"excerpt":{"rendered":"<p>Un hombre de 52 a\u00f1os fue condenado a ocho a\u00f1os y seis meses de prisi\u00f3n por resultar autor del delito de abuso sexual con acceso carnal en perjuicio de su hija. Debido a la condici\u00f3n de salud del imputado, la jueza Carolina Sanguedolce orden\u00f3 que contin\u00fae bajo la modalidad de prisi\u00f3n domiciliaria con monitoreo electr\u00f3nico [&hellip;]<\/p>\n","protected":false},"author":2,"featured_media":72536,"comment_status":"open","ping_status":"open","sticky":false,"template":"","format":"standard","meta":{"tdm_status":"","tdm_grid_status":"","_joinchat":[],"footnotes":""},"categories":[63],"tags":[],"class_list":{"0":"post-72535","1":"post","2":"type-post","3":"status-publish","4":"format-standard","5":"has-post-thumbnail","7":"category-policiales"},"amp_enabled":true,"_links":{"self":[{"href":"https:\/\/www.todoeldia.com\/index.php\/wp-json\/wp\/v2\/posts\/72535","targetHints":{"allow":["GET"]}}],"collection":[{"href":"https:\/\/www.todoeldia.com\/index.php\/wp-json\/wp\/v2\/posts"}],"about":[{"href":"https:\/\/www.todoeldia.com\/index.php\/wp-json\/wp\/v2\/types\/post"}],"author":[{"embeddable":true,"href":"https:\/\/www.todoeldia.com\/index.php\/wp-json\/wp\/v2\/users\/2"}],"replies":[{"embeddable":true,"href":"https:\/\/www.todoeldia.com\/index.php\/wp-json\/wp\/v2\/comments?post=72535"}],"version-history":[{"count":1,"href":"https:\/\/www.todoeldia.com\/index.php\/wp-json\/wp\/v2\/posts\/72535\/revisions"}],"predecessor-version":[{"id":72537,"href":"https:\/\/www.todoeldia.com\/index.php\/wp-json\/wp\/v2\/posts\/72535\/revisions\/72537"}],"wp:featuredmedia":[{"embeddable":true,"href":"https:\/\/www.todoeldia.com\/index.php\/wp-json\/wp\/v2\/media\/72536"}],"wp:attachment":[{"href":"https:\/\/www.todoeldia.com\/index.php\/wp-json\/wp\/v2\/media?parent=72535"}],"wp:term":[{"taxonomy":"category","embeddable":true,"href":"https:\/\/www.todoeldia.com\/index.php\/wp-json\/wp\/v2\/categories?post=72535"},{"taxonomy":"post_tag","embeddable":true,"href":"https:\/\/www.todoeldia.com\/index.php\/wp-json\/wp\/v2\/tags?post=72535"}],"curies":[{"name":"wp","href":"https:\/\/api.w.org\/{rel}","templated":true}]}}