{"id":72549,"date":"2024-02-05T13:03:14","date_gmt":"2024-02-05T16:03:14","guid":{"rendered":"https:\/\/www.todoeldia.com\/?p=72549"},"modified":"2024-02-05T13:03:14","modified_gmt":"2024-02-05T16:03:14","slug":"nueva-encuesta-y-sorpresa-quienes-son-los-8-gobernadores-con-peor-imagen-del-pais","status":"publish","type":"post","link":"https:\/\/www.todoeldia.com\/index.php\/2024\/02\/05\/nueva-encuesta-y-sorpresa-quienes-son-los-8-gobernadores-con-peor-imagen-del-pais\/","title":{"rendered":"Nueva encuesta y sorpresa: qui\u00e9nes son los 8 gobernadores con peor imagen del pa\u00eds"},"content":{"rendered":"\n<p>Un nuevo ranking de gobernadores&nbsp;que adelanta&nbsp;Clar\u00edn&nbsp;este lunes, deja una&nbsp;conclusi\u00f3n llamativa. Si bien el informe no lo aclara, el resultado permite elaborar la hip\u00f3tesis:&nbsp;los mandatarios que m\u00e1s cuestionan al presidente Javier Milei son los que tienen peor imagen en sus provincias.<\/p>\n\n\n\n<p>Al menos ocurre con tres casos puntuales. \u00bfDe qui\u00e9nes se trata? De dos peronistas (el riojano&nbsp;Ricardo Quintela&nbsp;y el bonaerense&nbsp;Axel Kicillof) y un &#8220;provincial&#8221; (el rionegrino&nbsp;Alberto Weretilneck).<\/p>\n\n\n\n<p>Los datos, llamativos, aparecen en el \u00faltimo informe de&nbsp;CB Consultora Opini\u00f3n P\u00fablica, una firma que se caracteriza por sus mediciones federales y publica desde principios de 2020 esta interesante tabla provincial.<\/p>\n\n\n\n<p>La&nbsp;mega encuesta&nbsp;est\u00e1 basada en un relevamiento de&nbsp;652 a 1.256 casos por distrito&nbsp;(var\u00eda seg\u00fan el tama\u00f1o). Y en cada uno les preguntan a los vecinos c\u00f3mo ven a su gobernador.<\/p>\n\n\n\n<p>C\u00f3mo ya explic\u00f3&nbsp;Clar\u00edn&nbsp;en notas anteriores, las valoraciones de los jefes locales suelen ser mejores que las de los dirigentes nacionales en esas mismas geograf\u00edas. Por eso, m\u00e1s all\u00e1 de que siempre queda conformada una tabla con mejores, intermedios y peores,&nbsp;en general los n\u00fameros de los gobernadores son buenos.<\/p>\n\n\n\n<p>Un ejemplo: s\u00f3lo los tres mandatarios mencionados terminan con balance negativo de imagen, es decir, con m\u00e1s negativa que positiva.<\/p>\n\n\n\n<p>Los 8 peores<\/p>\n\n\n\n<p><\/p>\n\n\n\n<figure class=\"wp-block-image size-full is-resized\"><img loading=\"lazy\" decoding=\"async\" width=\"661\" height=\"493\" src=\"https:\/\/www.todoeldia.com\/wp-content\/uploads\/2024\/02\/8-peores-gobernadores.png\" alt=\"\" class=\"wp-image-72550\" style=\"width:1068px;height:auto\" srcset=\"https:\/\/www.todoeldia.com\/wp-content\/uploads\/2024\/02\/8-peores-gobernadores.png 661w, https:\/\/www.todoeldia.com\/wp-content\/uploads\/2024\/02\/8-peores-gobernadores-300x224.png 300w, https:\/\/www.todoeldia.com\/wp-content\/uploads\/2024\/02\/8-peores-gobernadores-563x420.png 563w, https:\/\/www.todoeldia.com\/wp-content\/uploads\/2024\/02\/8-peores-gobernadores-80x60.png 80w, https:\/\/www.todoeldia.com\/wp-content\/uploads\/2024\/02\/8-peores-gobernadores-265x198.png 265w\" sizes=\"auto, (max-width: 661px) 100vw, 661px\" \/><\/figure>\n\n\n\n<p>De abajo hacia arriba, el m\u00e1s relegado es&nbsp;Quintela. El riojano es, sin dudas,&nbsp;el gobernador opositor que m\u00e1s sali\u00f3 a cuestionar a Milei. Con algunas amenazas altisonantes que luego no cumpli\u00f3. Hab\u00eda dicho, por caso, que si ganaba el libertario renunciaba a su cargo y hoy sigue all\u00ed.<\/p>\n\n\n\n<p>Este fin de semana, incluso,&nbsp;el mandatario habl\u00f3 con Clar\u00edn&nbsp;y chicane\u00f3 sobre el tema: dice que va a renunciar si Milei cumple su promesa de cortarse los dos brazos si sube los impuestos&#8230;<\/p>\n\n\n\n<p>Quintela tiene&nbsp;45,8% de imagen positiva y 49% de negativa. Apenas mejor le va a&nbsp;Weretilneck, con origen en el Frente Grande y quien luego arm\u00f3 una potente fuerza local que gobierna la provincia hace varios per\u00edodos.<\/p>\n\n\n\n<p>El rionegrino tiene&nbsp;+ 46,1% y &#8211; 47,6%. Como se anticip\u00f3, el tercero con m\u00e1s rechazos que apoyos es&nbsp;Kicillof, otro h\u00edper cr\u00edtico de Milei. En la encuesta que organiz\u00f3 el analista&nbsp;Cristian Butti\u00e9, el bonaerense combina&nbsp;+ 48,2% y &#8211; 48,6%.<\/p>\n\n\n\n<p>Ordenados por la valoraci\u00f3n a favor, debajo de Kicillof queda el catamarque\u00f1o&nbsp;Ra\u00fal Jalil. Es la excepci\u00f3n, porque&nbsp;fue de los mandatarios del PJ m\u00e1s conciliadores con el libertario. En este sondeo suma&nbsp;+ 48,1% y &#8211; 46%.<\/p>\n\n\n\n<p>Los cuatro que completan el&nbsp;grupo de &#8220;los peores&#8221;&nbsp;tambi\u00e9n tienen diferencial a favor y n\u00fameros relativamente buenos.<\/p>\n\n\n\n<p>Claudio Poggi&nbsp;(JxC, San Luis):&nbsp;+ 50,7% y &#8211; 43,4%.<\/p>\n\n\n\n<p>Claudio Vidal&nbsp;(Provincial, Santa Cruz):&nbsp;+ 50,5% y &#8211; 43,3%.<\/p>\n\n\n\n<p>Gustavo Melella&nbsp;(Radical K, Tierra del Fuego):&nbsp;+ 49,9% y &#8211; 46%.<\/p>\n\n\n\n<p>Gustavo S\u00e1enz (PJ, Salta):\u00a0+ 49,3% y &#8211; 47,2%.<\/p>\n\n\n\n<p>Los 8 mejores<\/p>\n\n\n\n<figure class=\"wp-block-image size-full is-resized\"><img loading=\"lazy\" decoding=\"async\" width=\"884\" height=\"700\" src=\"https:\/\/www.todoeldia.com\/wp-content\/uploads\/2024\/02\/8-mejores-gobernadores.jpg\" alt=\"\" class=\"wp-image-72551\" style=\"width:1068px;height:auto\" srcset=\"https:\/\/www.todoeldia.com\/wp-content\/uploads\/2024\/02\/8-mejores-gobernadores.jpg 884w, https:\/\/www.todoeldia.com\/wp-content\/uploads\/2024\/02\/8-mejores-gobernadores-300x238.jpg 300w, https:\/\/www.todoeldia.com\/wp-content\/uploads\/2024\/02\/8-mejores-gobernadores-768x608.jpg 768w, https:\/\/www.todoeldia.com\/wp-content\/uploads\/2024\/02\/8-mejores-gobernadores-696x551.jpg 696w, https:\/\/www.todoeldia.com\/wp-content\/uploads\/2024\/02\/8-mejores-gobernadores-530x420.jpg 530w\" sizes=\"auto, (max-width: 884px) 100vw, 884px\" \/><\/figure>\n\n\n\n<p>En la parte m\u00e1s amigable de la tabla, hay una particularidad que tambi\u00e9n abona la teor\u00eda de&nbsp;&#8220;mejor elogiar que criticar a Milei&#8221;. Tercero en el ranking figura el tucumano&nbsp;Osvaldo Jaldo, el gobernador peronista que&nbsp;rompi\u00f3 el bloque de Uni\u00f3n por la Patria para apoyar la Ley \u00d3mnibus.<\/p>\n\n\n\n<p>Jaldo entra al \u00faltimo puesto del podio con 60,2 puntos de apoyo y s\u00f3lo 33,5 de rechazo. Los dos que lo superan, tambi\u00e9n rompiendo el techo del 60% a favor, son mandatarios de bajo perfil:<\/p>\n\n\n\n<p>El misionero&nbsp;Hugo Passalacqua, de una fuerza local, lidera con&nbsp;+ 63,9%y &#8211; 32,1%. Y segundo queda el sanjuanino&nbsp;Marcelo Orrego, tambi\u00e9n de un partido provincial pero aliado a Juntos por el Cambio:&nbsp;+ 61,4% y &#8211; 32,7%.<\/p>\n\n\n\n<p>Entre los otros cinco del top 8 del ranking hay una mezcla de radicales, peronistas y macristas.<\/p>\n\n\n\n<p>Los dos UCR son el correntino&nbsp;Gustavo Vald\u00e9s (+ 59,9% y &#8211; 34,7%)&nbsp;y el mendocino&nbsp;Alfredo Cornejo (+ 59,8% y &#8211; 37,1%). Los dos PJ, el pampeano&nbsp;Sergio Ziliotto (+ 59,2% y &#8211; 37,6%)&nbsp;y el cordob\u00e9s&nbsp;Mart\u00edn Llaryora (+ 59,1% y &#8211; 36,4%). El macrista, el chubutense&nbsp;Ignacio Torres (+ 57,4% y &#8211; 36,3%).<\/p>\n\n\n\n<p>Los 8 del medio<\/p>\n\n\n\n<figure class=\"wp-block-image size-full is-resized\"><img loading=\"lazy\" decoding=\"async\" width=\"925\" height=\"700\" src=\"https:\/\/www.todoeldia.com\/wp-content\/uploads\/2024\/02\/8-gobernadores-del-medio.png\" alt=\"\" class=\"wp-image-72552\" style=\"width:1068px;height:auto\" srcset=\"https:\/\/www.todoeldia.com\/wp-content\/uploads\/2024\/02\/8-gobernadores-del-medio.png 925w, https:\/\/www.todoeldia.com\/wp-content\/uploads\/2024\/02\/8-gobernadores-del-medio-300x227.png 300w, https:\/\/www.todoeldia.com\/wp-content\/uploads\/2024\/02\/8-gobernadores-del-medio-768x581.png 768w, https:\/\/www.todoeldia.com\/wp-content\/uploads\/2024\/02\/8-gobernadores-del-medio-696x527.png 696w, https:\/\/www.todoeldia.com\/wp-content\/uploads\/2024\/02\/8-gobernadores-del-medio-555x420.png 555w, https:\/\/www.todoeldia.com\/wp-content\/uploads\/2024\/02\/8-gobernadores-del-medio-80x60.png 80w\" sizes=\"auto, (max-width: 925px) 100vw, 925px\" \/><\/figure>\n\n\n\n<p>En el&nbsp;medio de la tabla, tambi\u00e9n con n\u00fameros muy positivos, quedan varios jefes provinciales&nbsp;conocidos, como&nbsp;Jorge Macri o Rogelio Frigerio. Y se repite la mixtura de procedencias pol\u00edticas.<\/p>\n\n\n\n<p>Jorge Macri&nbsp;(JxC, CABA):&nbsp;+ 56,8 y &#8211; 37,2%.<\/p>\n\n\n\n<p>Carlos Sadir&nbsp;(JxC, Jujuy):&nbsp;+ 56,7 y &#8211; 35,6%.<\/p>\n\n\n\n<p>Maximiliano Pullaro&nbsp;(JxC, Santa Fe):&nbsp;+ 56,6 y &#8211; 37,4%.<\/p>\n\n\n\n<p>Gildo Insfr\u00e1n&nbsp;(PJ, Formosa):&nbsp;+ 56,1 y &#8211; 40,8%.<\/p>\n\n\n\n<p>Leandro Zdero&nbsp;(JxC, Chaco):&nbsp;+ 53,3 y &#8211; 40,6%.<\/p>\n\n\n\n<p>Rolando Figueroa&nbsp;(Provincial, Neuqu\u00e9n):&nbsp;+ 52,4 y &#8211; 40,3%.<\/p>\n\n\n\n<p>Rogelio Frigerio&nbsp;(JxC, Entre R\u00edos):&nbsp;+ 51,2 y &#8211; 41,6%.<\/p>\n\n\n\n<p>Gerardo Zamora&nbsp;(Radical K, Santiago del Estero):&nbsp;+ 50,9 y &#8211; 46,3%.<\/p>\n","protected":false},"excerpt":{"rendered":"<p>Un nuevo ranking de gobernadores&nbsp;que adelanta&nbsp;Clar\u00edn&nbsp;este lunes, deja una&nbsp;conclusi\u00f3n llamativa. Si bien el informe no lo aclara, el resultado permite elaborar la hip\u00f3tesis:&nbsp;los mandatarios que m\u00e1s cuestionan al presidente Javier Milei son los que tienen peor imagen en sus provincias. Al menos ocurre con tres casos puntuales. \u00bfDe qui\u00e9nes se trata? De dos peronistas (el [&hellip;]<\/p>\n","protected":false},"author":2,"featured_media":72553,"comment_status":"open","ping_status":"open","sticky":false,"template":"","format":"standard","meta":{"tdm_status":"","tdm_grid_status":"","_joinchat":[],"footnotes":""},"categories":[59],"tags":[],"class_list":{"0":"post-72549","1":"post","2":"type-post","3":"status-publish","4":"format-standard","5":"has-post-thumbnail","7":"category-politica"},"amp_enabled":true,"_links":{"self":[{"href":"https:\/\/www.todoeldia.com\/index.php\/wp-json\/wp\/v2\/posts\/72549","targetHints":{"allow":["GET"]}}],"collection":[{"href":"https:\/\/www.todoeldia.com\/index.php\/wp-json\/wp\/v2\/posts"}],"about":[{"href":"https:\/\/www.todoeldia.com\/index.php\/wp-json\/wp\/v2\/types\/post"}],"author":[{"embeddable":true,"href":"https:\/\/www.todoeldia.com\/index.php\/wp-json\/wp\/v2\/users\/2"}],"replies":[{"embeddable":true,"href":"https:\/\/www.todoeldia.com\/index.php\/wp-json\/wp\/v2\/comments?post=72549"}],"version-history":[{"count":1,"href":"https:\/\/www.todoeldia.com\/index.php\/wp-json\/wp\/v2\/posts\/72549\/revisions"}],"predecessor-version":[{"id":72554,"href":"https:\/\/www.todoeldia.com\/index.php\/wp-json\/wp\/v2\/posts\/72549\/revisions\/72554"}],"wp:featuredmedia":[{"embeddable":true,"href":"https:\/\/www.todoeldia.com\/index.php\/wp-json\/wp\/v2\/media\/72553"}],"wp:attachment":[{"href":"https:\/\/www.todoeldia.com\/index.php\/wp-json\/wp\/v2\/media?parent=72549"}],"wp:term":[{"taxonomy":"category","embeddable":true,"href":"https:\/\/www.todoeldia.com\/index.php\/wp-json\/wp\/v2\/categories?post=72549"},{"taxonomy":"post_tag","embeddable":true,"href":"https:\/\/www.todoeldia.com\/index.php\/wp-json\/wp\/v2\/tags?post=72549"}],"curies":[{"name":"wp","href":"https:\/\/api.w.org\/{rel}","templated":true}]}}