{"id":72556,"date":"2024-02-05T14:19:53","date_gmt":"2024-02-05T17:19:53","guid":{"rendered":"https:\/\/www.todoeldia.com\/?p=72556"},"modified":"2024-02-05T14:19:53","modified_gmt":"2024-02-05T17:19:53","slug":"condenada-por-intentar-ingresar-marihuana-para-un-preso-en-la-comisaria","status":"publish","type":"post","link":"https:\/\/www.todoeldia.com\/index.php\/2024\/02\/05\/condenada-por-intentar-ingresar-marihuana-para-un-preso-en-la-comisaria\/","title":{"rendered":"Condenada por intentar ingresar marihuana para un preso en la comisar\u00eda"},"content":{"rendered":"\n<p>El hecho ocurri\u00f3 el pasado 10 de enero, cuando en un recipiente con alimentos, intent\u00f3 introducir un envoltorio con marihuana. Deber\u00e1 cumplir reglas de conducta y pagar una multa.<\/p>\n\n\n\n<p>La fiscal penal de Embarcaci\u00f3n, Gabriela Souto, represent\u00f3 al Ministerio P\u00fablico Fiscal ante la Sala I del Tribunal de Juicio de ese distrito, en la audiencia de juicio abreviado contra Mar\u00eda Delina Espinoza como autora del delito de suministro de estupefacientes a t\u00edtulo gratuito agravado por el lugar de comisi\u00f3n.<\/p>\n\n\n\n<p>El hecho juzgado ocurri\u00f3 el pasado 10 de enero en la Comisar\u00eda 43 de Embarcaci\u00f3n, cuando la mujer se present\u00f3 para dejar alimentos para su pareja y se detect\u00f3 que en el recipiente, que ten\u00eda doble fondo, hab\u00eda un envoltorio con marihuana.<\/p>\n\n\n\n<p>La jueza Mar\u00eda Soledad Rodr\u00edguez, luego de recibir la confesi\u00f3n de la acusada, le impuso una pena de 1 a\u00f1o de prisi\u00f3n de ejecuci\u00f3n condicional, el cumplimiento de reglas de conducta por el t\u00e9rmino de dos a\u00f1os y el pago de una multa.<\/p>\n","protected":false},"excerpt":{"rendered":"<p>El hecho ocurri\u00f3 el pasado 10 de enero, cuando en un recipiente con alimentos, intent\u00f3 introducir un envoltorio con marihuana. Deber\u00e1 cumplir reglas de conducta y pagar una multa. La fiscal penal de Embarcaci\u00f3n, Gabriela Souto, represent\u00f3 al Ministerio P\u00fablico Fiscal ante la Sala I del Tribunal de Juicio de ese distrito, en la audiencia [&hellip;]<\/p>\n","protected":false},"author":2,"featured_media":72212,"comment_status":"open","ping_status":"open","sticky":false,"template":"","format":"standard","meta":{"tdm_status":"","tdm_grid_status":"","_joinchat":[],"footnotes":""},"categories":[63],"tags":[],"class_list":{"0":"post-72556","1":"post","2":"type-post","3":"status-publish","4":"format-standard","5":"has-post-thumbnail","7":"category-policiales"},"amp_enabled":true,"_links":{"self":[{"href":"https:\/\/www.todoeldia.com\/index.php\/wp-json\/wp\/v2\/posts\/72556","targetHints":{"allow":["GET"]}}],"collection":[{"href":"https:\/\/www.todoeldia.com\/index.php\/wp-json\/wp\/v2\/posts"}],"about":[{"href":"https:\/\/www.todoeldia.com\/index.php\/wp-json\/wp\/v2\/types\/post"}],"author":[{"embeddable":true,"href":"https:\/\/www.todoeldia.com\/index.php\/wp-json\/wp\/v2\/users\/2"}],"replies":[{"embeddable":true,"href":"https:\/\/www.todoeldia.com\/index.php\/wp-json\/wp\/v2\/comments?post=72556"}],"version-history":[{"count":1,"href":"https:\/\/www.todoeldia.com\/index.php\/wp-json\/wp\/v2\/posts\/72556\/revisions"}],"predecessor-version":[{"id":72557,"href":"https:\/\/www.todoeldia.com\/index.php\/wp-json\/wp\/v2\/posts\/72556\/revisions\/72557"}],"wp:featuredmedia":[{"embeddable":true,"href":"https:\/\/www.todoeldia.com\/index.php\/wp-json\/wp\/v2\/media\/72212"}],"wp:attachment":[{"href":"https:\/\/www.todoeldia.com\/index.php\/wp-json\/wp\/v2\/media?parent=72556"}],"wp:term":[{"taxonomy":"category","embeddable":true,"href":"https:\/\/www.todoeldia.com\/index.php\/wp-json\/wp\/v2\/categories?post=72556"},{"taxonomy":"post_tag","embeddable":true,"href":"https:\/\/www.todoeldia.com\/index.php\/wp-json\/wp\/v2\/tags?post=72556"}],"curies":[{"name":"wp","href":"https:\/\/api.w.org\/{rel}","templated":true}]}}