{"id":72563,"date":"2024-02-05T19:03:03","date_gmt":"2024-02-05T22:03:03","guid":{"rendered":"https:\/\/www.todoeldia.com\/?p=72563"},"modified":"2024-02-05T19:07:17","modified_gmt":"2024-02-05T22:07:17","slug":"lanata-critico-pettovello-por-usar-una-cartera-de-lujo-que-cuesta-30-lucas","status":"publish","type":"post","link":"https:\/\/www.todoeldia.com\/index.php\/2024\/02\/05\/lanata-critico-pettovello-por-usar-una-cartera-de-lujo-que-cuesta-30-lucas\/","title":{"rendered":"Lanata critic\u00f3 Pettovello por usar una cartera de lujo que cuesta 30 lucas"},"content":{"rendered":"\n<p>En su programa de Radio Mitre, el periodista Jorge Lanata cuestion\u00f3 a la ministra de Capital Humano, Sandra Pettovello, por usar una cartera de lujo.<\/p>\n\n\n\n<p>Jorge Lanata cruz\u00f3 en su programa \u201cLanata Sin Filtro\u201d, por Radio Mitre, a Sandra Pettovello por lucir \u201cuna cartera con un valor superior a los 10 mil d\u00f3lares\u201d. Ante esto, el periodista cuestion\u00f3: \u201cEs raro que justamente la ministra de la gente que peor anda, ande con una cartera de 30 lucas, o de 10 o de 20\u2033.<\/p>\n\n\n\n<p>Cu\u00e1nto cuesta la cartera de lujo que usa Sandra Pettovello que indign\u00f3 a Jorge Lanata y qu\u00e9 detalles \u00fanicos tiene.<\/p>\n\n\n\n<p>Se trata de un bolso Hermes Birkin que, de acuerdo con el sitio Collector Square, tiene un precio que var\u00eda entre los \u20ac18.550 y \u20ac28.550, dependiendo de sus caracter\u00edsticas.<\/p>\n\n\n\n<p>En cuanto a la marca, era una Birkin. Marina Calabr\u00f3 opin\u00f3 al respecto y se\u00f1al\u00f3: \u201cEs cierto que hay mucha imitaci\u00f3n, que en realidad a la imitaci\u00f3n buena le llaman r\u00e9plica. Es una cartera igualmente costosa, pero de una cartera de 30 mil d\u00f3lares puede conseguir una r\u00e9plica por 700 USD\u2033.<\/p>\n\n\n\n<p>Sin embargo, Jorge Lanata destac\u00f3 que esto deber\u00eda ser importante para el \u201cPresidente que, en cambio de andar en avi\u00f3n privado anda en l\u00ednea\u201d. \u201cNo tiene sentido que Javier Milei ande en l\u00ednea y que un ministro ande con una cartera de 20 o 30 lucas. Es un delirio\u201d, sentenci\u00f3 el conductor.<\/p>\n","protected":false},"excerpt":{"rendered":"<p>En su programa de Radio Mitre, el periodista Jorge Lanata cuestion\u00f3 a la ministra de Capital Humano, Sandra Pettovello, por usar una cartera de lujo. Jorge Lanata cruz\u00f3 en su programa \u201cLanata Sin Filtro\u201d, por Radio Mitre, a Sandra Pettovello por lucir \u201cuna cartera con un valor superior a los 10 mil d\u00f3lares\u201d. Ante esto, [&hellip;]<\/p>\n","protected":false},"author":2,"featured_media":72564,"comment_status":"open","ping_status":"open","sticky":false,"template":"","format":"standard","meta":{"tdm_status":"","tdm_grid_status":"","_joinchat":[],"footnotes":""},"categories":[59],"tags":[],"class_list":{"0":"post-72563","1":"post","2":"type-post","3":"status-publish","4":"format-standard","5":"has-post-thumbnail","7":"category-politica"},"amp_enabled":true,"_links":{"self":[{"href":"https:\/\/www.todoeldia.com\/index.php\/wp-json\/wp\/v2\/posts\/72563","targetHints":{"allow":["GET"]}}],"collection":[{"href":"https:\/\/www.todoeldia.com\/index.php\/wp-json\/wp\/v2\/posts"}],"about":[{"href":"https:\/\/www.todoeldia.com\/index.php\/wp-json\/wp\/v2\/types\/post"}],"author":[{"embeddable":true,"href":"https:\/\/www.todoeldia.com\/index.php\/wp-json\/wp\/v2\/users\/2"}],"replies":[{"embeddable":true,"href":"https:\/\/www.todoeldia.com\/index.php\/wp-json\/wp\/v2\/comments?post=72563"}],"version-history":[{"count":2,"href":"https:\/\/www.todoeldia.com\/index.php\/wp-json\/wp\/v2\/posts\/72563\/revisions"}],"predecessor-version":[{"id":72566,"href":"https:\/\/www.todoeldia.com\/index.php\/wp-json\/wp\/v2\/posts\/72563\/revisions\/72566"}],"wp:featuredmedia":[{"embeddable":true,"href":"https:\/\/www.todoeldia.com\/index.php\/wp-json\/wp\/v2\/media\/72564"}],"wp:attachment":[{"href":"https:\/\/www.todoeldia.com\/index.php\/wp-json\/wp\/v2\/media?parent=72563"}],"wp:term":[{"taxonomy":"category","embeddable":true,"href":"https:\/\/www.todoeldia.com\/index.php\/wp-json\/wp\/v2\/categories?post=72563"},{"taxonomy":"post_tag","embeddable":true,"href":"https:\/\/www.todoeldia.com\/index.php\/wp-json\/wp\/v2\/tags?post=72563"}],"curies":[{"name":"wp","href":"https:\/\/api.w.org\/{rel}","templated":true}]}}