{"id":72572,"date":"2024-02-05T21:16:40","date_gmt":"2024-02-06T00:16:40","guid":{"rendered":"https:\/\/www.todoeldia.com\/?p=72572"},"modified":"2024-02-05T21:16:40","modified_gmt":"2024-02-06T00:16:40","slug":"dos-detenidos-en-la-silleta-uno-de-ellos-policia-tras-el-homicidio-de-un-hombre","status":"publish","type":"post","link":"https:\/\/www.todoeldia.com\/index.php\/2024\/02\/05\/dos-detenidos-en-la-silleta-uno-de-ellos-policia-tras-el-homicidio-de-un-hombre\/","title":{"rendered":"Dos detenidos en La Silleta uno de ellos polic\u00eda tras el homicidio de un hombre"},"content":{"rendered":"\n<p>El hecho ocurri\u00f3 el pasado s\u00e1bado por la tarde en el marco de una reuni\u00f3n social, cuando en circunstancias que se investigan, un hombre falleci\u00f3 luego de recibir un disparo en la zona tor\u00e1cica. Uno de los imputados es un efectivo policial.<\/p>\n\n\n\n<p>El fiscal penal 1 de la Unidad de Graves Atentados contra las Personas, Leandro Flores, imput\u00f3 de forma provisional a un hombre de 28 a\u00f1os como autor del delito de homicidio simple agravado por el uso de arma de fuego en perjuicio de un hombre de 29 a\u00f1os y a un hombre de 31 a\u00f1os, quien se desempe\u00f1aba como personal policial, como part\u00edcipe necesario del mismo delito.<\/p>\n\n\n\n<p>Uno de los acusados estuvo asistido por defensa particular y el otro por defensa oficial. Ambos se abstuvieron de declarar. Tras la audiencia de imputaci\u00f3n, desde la Fiscal\u00eda se solicit\u00f3 el mantenimiento de su detenci\u00f3n.<\/p>\n\n\n\n<p>El hecho investigado ocurri\u00f3 el pasado s\u00e1bado por la tarde en la localidad de La Silleta, cuando en circunstancias que se investigan, un hombre de 29 que participaba de una reuni\u00f3n social, recibi\u00f3 un disparo de arma de fuego en la zona tor\u00e1cica y falleci\u00f3 pese a la asistencia recibida.<\/p>\n\n\n\n<p>En el lugar trabaj\u00f3 personal del Cuerpo de Investigaciones Fiscales y de la Unidad de Investigaci\u00f3n UGAP. el cuerpo del fallecido fue trasladado al Servicio de Tanatolog\u00eda Forense del CIF, donde se le realiz\u00f3 la autopsia.<\/p>\n\n\n\n<p>Desde la Fiscal\u00eda se dispusieron numerosas medidas tendientes a lograr el esclarecimiento del hecho.<\/p>\n","protected":false},"excerpt":{"rendered":"<p>El hecho ocurri\u00f3 el pasado s\u00e1bado por la tarde en el marco de una reuni\u00f3n social, cuando en circunstancias que se investigan, un hombre falleci\u00f3 luego de recibir un disparo en la zona tor\u00e1cica. Uno de los imputados es un efectivo policial. El fiscal penal 1 de la Unidad de Graves Atentados contra las Personas, [&hellip;]<\/p>\n","protected":false},"author":2,"featured_media":72497,"comment_status":"open","ping_status":"open","sticky":false,"template":"","format":"standard","meta":{"tdm_status":"","tdm_grid_status":"","_joinchat":[],"footnotes":""},"categories":[63],"tags":[],"class_list":{"0":"post-72572","1":"post","2":"type-post","3":"status-publish","4":"format-standard","5":"has-post-thumbnail","7":"category-policiales"},"amp_enabled":true,"_links":{"self":[{"href":"https:\/\/www.todoeldia.com\/index.php\/wp-json\/wp\/v2\/posts\/72572","targetHints":{"allow":["GET"]}}],"collection":[{"href":"https:\/\/www.todoeldia.com\/index.php\/wp-json\/wp\/v2\/posts"}],"about":[{"href":"https:\/\/www.todoeldia.com\/index.php\/wp-json\/wp\/v2\/types\/post"}],"author":[{"embeddable":true,"href":"https:\/\/www.todoeldia.com\/index.php\/wp-json\/wp\/v2\/users\/2"}],"replies":[{"embeddable":true,"href":"https:\/\/www.todoeldia.com\/index.php\/wp-json\/wp\/v2\/comments?post=72572"}],"version-history":[{"count":1,"href":"https:\/\/www.todoeldia.com\/index.php\/wp-json\/wp\/v2\/posts\/72572\/revisions"}],"predecessor-version":[{"id":72573,"href":"https:\/\/www.todoeldia.com\/index.php\/wp-json\/wp\/v2\/posts\/72572\/revisions\/72573"}],"wp:featuredmedia":[{"embeddable":true,"href":"https:\/\/www.todoeldia.com\/index.php\/wp-json\/wp\/v2\/media\/72497"}],"wp:attachment":[{"href":"https:\/\/www.todoeldia.com\/index.php\/wp-json\/wp\/v2\/media?parent=72572"}],"wp:term":[{"taxonomy":"category","embeddable":true,"href":"https:\/\/www.todoeldia.com\/index.php\/wp-json\/wp\/v2\/categories?post=72572"},{"taxonomy":"post_tag","embeddable":true,"href":"https:\/\/www.todoeldia.com\/index.php\/wp-json\/wp\/v2\/tags?post=72572"}],"curies":[{"name":"wp","href":"https:\/\/api.w.org\/{rel}","templated":true}]}}