{"id":72576,"date":"2024-02-05T22:12:14","date_gmt":"2024-02-06T01:12:14","guid":{"rendered":"https:\/\/www.todoeldia.com\/?p=72576"},"modified":"2024-02-05T22:12:15","modified_gmt":"2024-02-06T01:12:15","slug":"tiene-23-anos-el-asesino-de-joven-de-14-al-que-le-disparo-en-la-cabeza-en-tartagal","status":"publish","type":"post","link":"https:\/\/www.todoeldia.com\/index.php\/2024\/02\/05\/tiene-23-anos-el-asesino-de-joven-de-14-al-que-le-disparo-en-la-cabeza-en-tartagal\/","title":{"rendered":"Tiene 23 a\u00f1os el asesino de joven de 14 al que le disparo en la cabeza en Tartagal"},"content":{"rendered":"\n<p>El acusado fue detenido luego del hecho, ocurrido el pasado s\u00e1bado en una vivienda de Misi\u00f3n Sachapera II.<\/p>\n\n\n\n<p>El fiscal penal Rafael Jos\u00e9 Medina, interino en la Fiscal\u00eda Penal de la Unidad de Graves Atentados contra las Personas de Tartagal, imput\u00f3 de forma provisional a un hombre de 23 a\u00f1os como autor del delito de homicidio agravado por el uso de arma de fuego.<\/p>\n\n\n\n<p>El acusado estuvo acompa\u00f1ado de defensa p\u00fablica y se abstuvo de declarar. Desde la Fiscal\u00eda se solicit\u00f3 que se mantenga su detenci\u00f3n mientras se cumplen diversas medidas dispuestas para lograr el esclarecimiento del hecho.<\/p>\n\n\n\n<p>El hecho ocurri\u00f3 el pasado s\u00e1bado 3 de febrero en Misi\u00f3n Sachapera II, cuando en circunstancias que son objeto de investigaci\u00f3n, un menor de 14 a\u00f1os fue herido con un arma de fuego y falleci\u00f3 en el lugar.<\/p>\n\n\n\n<p>De las tareas desplegadas por personal de la Unidad de Investigaci\u00f3n UGAP, se identific\u00f3 al acusado como principal sospechoso y se logr\u00f3 su detenci\u00f3n horas despu\u00e9s.<\/p>\n","protected":false},"excerpt":{"rendered":"<p>El acusado fue detenido luego del hecho, ocurrido el pasado s\u00e1bado en una vivienda de Misi\u00f3n Sachapera II. El fiscal penal Rafael Jos\u00e9 Medina, interino en la Fiscal\u00eda Penal de la Unidad de Graves Atentados contra las Personas de Tartagal, imput\u00f3 de forma provisional a un hombre de 23 a\u00f1os como autor del delito de [&hellip;]<\/p>\n","protected":false},"author":2,"featured_media":72417,"comment_status":"open","ping_status":"open","sticky":false,"template":"","format":"standard","meta":{"tdm_status":"","tdm_grid_status":"","_joinchat":[],"footnotes":""},"categories":[63],"tags":[],"class_list":{"0":"post-72576","1":"post","2":"type-post","3":"status-publish","4":"format-standard","5":"has-post-thumbnail","7":"category-policiales"},"amp_enabled":true,"_links":{"self":[{"href":"https:\/\/www.todoeldia.com\/index.php\/wp-json\/wp\/v2\/posts\/72576","targetHints":{"allow":["GET"]}}],"collection":[{"href":"https:\/\/www.todoeldia.com\/index.php\/wp-json\/wp\/v2\/posts"}],"about":[{"href":"https:\/\/www.todoeldia.com\/index.php\/wp-json\/wp\/v2\/types\/post"}],"author":[{"embeddable":true,"href":"https:\/\/www.todoeldia.com\/index.php\/wp-json\/wp\/v2\/users\/2"}],"replies":[{"embeddable":true,"href":"https:\/\/www.todoeldia.com\/index.php\/wp-json\/wp\/v2\/comments?post=72576"}],"version-history":[{"count":1,"href":"https:\/\/www.todoeldia.com\/index.php\/wp-json\/wp\/v2\/posts\/72576\/revisions"}],"predecessor-version":[{"id":72577,"href":"https:\/\/www.todoeldia.com\/index.php\/wp-json\/wp\/v2\/posts\/72576\/revisions\/72577"}],"wp:featuredmedia":[{"embeddable":true,"href":"https:\/\/www.todoeldia.com\/index.php\/wp-json\/wp\/v2\/media\/72417"}],"wp:attachment":[{"href":"https:\/\/www.todoeldia.com\/index.php\/wp-json\/wp\/v2\/media?parent=72576"}],"wp:term":[{"taxonomy":"category","embeddable":true,"href":"https:\/\/www.todoeldia.com\/index.php\/wp-json\/wp\/v2\/categories?post=72576"},{"taxonomy":"post_tag","embeddable":true,"href":"https:\/\/www.todoeldia.com\/index.php\/wp-json\/wp\/v2\/tags?post=72576"}],"curies":[{"name":"wp","href":"https:\/\/api.w.org\/{rel}","templated":true}]}}