{"id":72578,"date":"2024-02-05T22:16:41","date_gmt":"2024-02-06T01:16:41","guid":{"rendered":"https:\/\/www.todoeldia.com\/?p=72578"},"modified":"2024-02-05T22:16:42","modified_gmt":"2024-02-06T01:16:42","slug":"le-pego-con-un-palo-de-escoba-en-la-cabeza-a-su-hija-de-13-por-encargarle-algo-que-hizo-mal","status":"publish","type":"post","link":"https:\/\/www.todoeldia.com\/index.php\/2024\/02\/05\/le-pego-con-un-palo-de-escoba-en-la-cabeza-a-su-hija-de-13-por-encargarle-algo-que-hizo-mal\/","title":{"rendered":"Le peg\u00f3 con un palo de escoba en la cabeza a su hija de 13 por encargarle algo que hizo mal"},"content":{"rendered":"\n<p>La denuncia fue realizada por la abuela paterna de la menor, al tomar conocimiento de que hab\u00eda sido lesionada en el cuero cabelludo con un golpe de palo de escoba por su progenitora.<\/p>\n\n\n\n<p>El fiscal penal de Rosario de la Frontera, Oscar L\u00f3pez Ibarra, imput\u00f3 de forma provisional a una mujer de 31 a\u00f1os como autora del delito de lesiones leves agravadas por el v\u00ednculo en perjuicio de su hija de 13 a\u00f1os.<\/p>\n\n\n\n<p>La abuela paterna de la adolescente radic\u00f3 denuncia por un hecho ocurrido el pasado 1 de febrero, cuando la menor result\u00f3 con una lesi\u00f3n en el cuero cabelludo, la que le habr\u00eda propinado su madre por un encargo que no realiz\u00f3 de la manera que le hab\u00eda solicitado.<\/p>\n\n\n\n<p>La denunciante se\u00f1al\u00f3 que no es la primera vez que ejerce violencia sobre la menor y solicit\u00f3 su custodia.<\/p>\n\n\n\n<p>Tras la audiencia de imputaci\u00f3n, desde la Fiscal\u00eda se solicit\u00f3 que permanezca detenida y se dio intervenci\u00f3n a la Asesor\u00eda de Menores e Incapaces.<\/p>\n","protected":false},"excerpt":{"rendered":"<p>La denuncia fue realizada por la abuela paterna de la menor, al tomar conocimiento de que hab\u00eda sido lesionada en el cuero cabelludo con un golpe de palo de escoba por su progenitora. El fiscal penal de Rosario de la Frontera, Oscar L\u00f3pez Ibarra, imput\u00f3 de forma provisional a una mujer de 31 a\u00f1os como [&hellip;]<\/p>\n","protected":false},"author":2,"featured_media":47716,"comment_status":"open","ping_status":"open","sticky":false,"template":"","format":"standard","meta":{"tdm_status":"","tdm_grid_status":"","_joinchat":[],"footnotes":""},"categories":[63],"tags":[],"class_list":{"0":"post-72578","1":"post","2":"type-post","3":"status-publish","4":"format-standard","5":"has-post-thumbnail","7":"category-policiales"},"amp_enabled":true,"_links":{"self":[{"href":"https:\/\/www.todoeldia.com\/index.php\/wp-json\/wp\/v2\/posts\/72578","targetHints":{"allow":["GET"]}}],"collection":[{"href":"https:\/\/www.todoeldia.com\/index.php\/wp-json\/wp\/v2\/posts"}],"about":[{"href":"https:\/\/www.todoeldia.com\/index.php\/wp-json\/wp\/v2\/types\/post"}],"author":[{"embeddable":true,"href":"https:\/\/www.todoeldia.com\/index.php\/wp-json\/wp\/v2\/users\/2"}],"replies":[{"embeddable":true,"href":"https:\/\/www.todoeldia.com\/index.php\/wp-json\/wp\/v2\/comments?post=72578"}],"version-history":[{"count":1,"href":"https:\/\/www.todoeldia.com\/index.php\/wp-json\/wp\/v2\/posts\/72578\/revisions"}],"predecessor-version":[{"id":72579,"href":"https:\/\/www.todoeldia.com\/index.php\/wp-json\/wp\/v2\/posts\/72578\/revisions\/72579"}],"wp:featuredmedia":[{"embeddable":true,"href":"https:\/\/www.todoeldia.com\/index.php\/wp-json\/wp\/v2\/media\/47716"}],"wp:attachment":[{"href":"https:\/\/www.todoeldia.com\/index.php\/wp-json\/wp\/v2\/media?parent=72578"}],"wp:term":[{"taxonomy":"category","embeddable":true,"href":"https:\/\/www.todoeldia.com\/index.php\/wp-json\/wp\/v2\/categories?post=72578"},{"taxonomy":"post_tag","embeddable":true,"href":"https:\/\/www.todoeldia.com\/index.php\/wp-json\/wp\/v2\/tags?post=72578"}],"curies":[{"name":"wp","href":"https:\/\/api.w.org\/{rel}","templated":true}]}}