{"id":72590,"date":"2024-02-06T12:02:40","date_gmt":"2024-02-06T15:02:40","guid":{"rendered":"https:\/\/www.todoeldia.com\/?p=72590"},"modified":"2024-02-06T12:02:40","modified_gmt":"2024-02-06T15:02:40","slug":"joven-de-20-anos-mato-a-un-hombre-e-hirio-a-un-adolescente-a-punaladas-en-pichanal","status":"publish","type":"post","link":"https:\/\/www.todoeldia.com\/index.php\/2024\/02\/06\/joven-de-20-anos-mato-a-un-hombre-e-hirio-a-un-adolescente-a-punaladas-en-pichanal\/","title":{"rendered":"Joven de 20 a\u00f1os mato a un hombre e hiri\u00f3 a un adolescente a pu\u00f1aladas en Pichanal"},"content":{"rendered":"\n<p>La fiscal penal Mar\u00eda Soledad Filtr\u00edn Cuezzo, interina en la Fiscal\u00eda Penal de la Unidad de Graves Atentados contra las Personas de Or\u00e1n, imput\u00f3 a un hombre de 20 a\u00f1os como autor de los delitos de homicidio simple en perjuicio de un hombre de 26 a\u00f1os y tentativa de homicidio simple en perjuicio de un adolescente de 17 a\u00f1os en concurso real.<\/p>\n\n\n\n<p>En la audiencia de imputaci\u00f3n, el acusado se abstuvo de declarar y desde la Fiscal\u00eda se solicit\u00f3 que permanezca privado de su libertad, mientras se cumplen diversas medidas solicitadas para lograr el esclarecimiento del hecho.<\/p>\n\n\n\n<p>Se investigan las circunstancias en que el pasado domingo por la ma\u00f1ana, en Misi\u00f3n San Francisco de la ciudad de Pichanal, donde un hombre de 26 a\u00f1os fue lesionado en la v\u00eda p\u00fablica con un arma blanca y fue trasladado al hospital de Or\u00e1n, donde luego falleci\u00f3 luego por shock hipovol\u00e9mico.<\/p>\n\n\n\n<p>En forma posterior, un adolescente que transitaba a pie por la avenida principal de Misi\u00f3n San Francisco, fue lesionado con un arma blanca y debi\u00f3 ser hospitalizado ya que su vida fue puesta en riesgo.<\/p>\n\n\n\n<p>De las tareas investigativas se identific\u00f3 al acusado como el principal sospechoso de ambas agresiones y se produjo su detenci\u00f3n horas m\u00e1s tarde.<\/p>\n","protected":false},"excerpt":{"rendered":"<p>La fiscal penal Mar\u00eda Soledad Filtr\u00edn Cuezzo, interina en la Fiscal\u00eda Penal de la Unidad de Graves Atentados contra las Personas de Or\u00e1n, imput\u00f3 a un hombre de 20 a\u00f1os como autor de los delitos de homicidio simple en perjuicio de un hombre de 26 a\u00f1os y tentativa de homicidio simple en perjuicio de un [&hellip;]<\/p>\n","protected":false},"author":2,"featured_media":44181,"comment_status":"open","ping_status":"open","sticky":false,"template":"","format":"standard","meta":{"tdm_status":"","tdm_grid_status":"","_joinchat":[],"footnotes":""},"categories":[63],"tags":[],"class_list":{"0":"post-72590","1":"post","2":"type-post","3":"status-publish","4":"format-standard","5":"has-post-thumbnail","7":"category-policiales"},"amp_enabled":true,"_links":{"self":[{"href":"https:\/\/www.todoeldia.com\/index.php\/wp-json\/wp\/v2\/posts\/72590","targetHints":{"allow":["GET"]}}],"collection":[{"href":"https:\/\/www.todoeldia.com\/index.php\/wp-json\/wp\/v2\/posts"}],"about":[{"href":"https:\/\/www.todoeldia.com\/index.php\/wp-json\/wp\/v2\/types\/post"}],"author":[{"embeddable":true,"href":"https:\/\/www.todoeldia.com\/index.php\/wp-json\/wp\/v2\/users\/2"}],"replies":[{"embeddable":true,"href":"https:\/\/www.todoeldia.com\/index.php\/wp-json\/wp\/v2\/comments?post=72590"}],"version-history":[{"count":1,"href":"https:\/\/www.todoeldia.com\/index.php\/wp-json\/wp\/v2\/posts\/72590\/revisions"}],"predecessor-version":[{"id":72591,"href":"https:\/\/www.todoeldia.com\/index.php\/wp-json\/wp\/v2\/posts\/72590\/revisions\/72591"}],"wp:featuredmedia":[{"embeddable":true,"href":"https:\/\/www.todoeldia.com\/index.php\/wp-json\/wp\/v2\/media\/44181"}],"wp:attachment":[{"href":"https:\/\/www.todoeldia.com\/index.php\/wp-json\/wp\/v2\/media?parent=72590"}],"wp:term":[{"taxonomy":"category","embeddable":true,"href":"https:\/\/www.todoeldia.com\/index.php\/wp-json\/wp\/v2\/categories?post=72590"},{"taxonomy":"post_tag","embeddable":true,"href":"https:\/\/www.todoeldia.com\/index.php\/wp-json\/wp\/v2\/tags?post=72590"}],"curies":[{"name":"wp","href":"https:\/\/api.w.org\/{rel}","templated":true}]}}