{"id":72592,"date":"2024-02-06T12:19:50","date_gmt":"2024-02-06T15:19:50","guid":{"rendered":"https:\/\/www.todoeldia.com\/?p=72592"},"modified":"2024-02-06T12:28:47","modified_gmt":"2024-02-06T15:28:47","slug":"desde-las-2-de-la-manana-cayeron-casi-80-milimetros-en-la-ciudad","status":"publish","type":"post","link":"https:\/\/www.todoeldia.com\/index.php\/2024\/02\/06\/desde-las-2-de-la-manana-cayeron-casi-80-milimetros-en-la-ciudad\/","title":{"rendered":"Desde las 2 de la ma\u00f1ana cayeron casi 80 mil\u00edmetros en la ciudad"},"content":{"rendered":"\n<p>La tormenta de rel\u00e1mpagos, truenos, rayos y abundante ca\u00edda de agua se inici\u00f3 a las 2 de la ma\u00f1ana de forma repentina a pesar de que el Servicio Meteorol\u00f3gico Nacional anunciaba solo una leve llovizna para la madrugada.<\/p>\n\n\n\n<p>De acuerdo al informe meteorol\u00f3gico el n\u00facleo de tormentas que se desplaz\u00f3 en el valle de Lerma y en la ciudad de Salta dej\u00f3 un total de 79,1 mm alcanzado el acumulado de 86,1 mil\u00edmetros.<\/p>\n\n\n\n<figure class=\"wp-block-image size-full\"><img loading=\"lazy\" decoding=\"async\" width=\"1024\" height=\"576\" src=\"https:\/\/www.todoeldia.com\/wp-content\/uploads\/2024\/02\/image-30.png\" alt=\"\" class=\"wp-image-72594\" srcset=\"https:\/\/www.todoeldia.com\/wp-content\/uploads\/2024\/02\/image-30.png 1024w, https:\/\/www.todoeldia.com\/wp-content\/uploads\/2024\/02\/image-30-300x169.png 300w, https:\/\/www.todoeldia.com\/wp-content\/uploads\/2024\/02\/image-30-768x432.png 768w, https:\/\/www.todoeldia.com\/wp-content\/uploads\/2024\/02\/image-30-696x392.png 696w, https:\/\/www.todoeldia.com\/wp-content\/uploads\/2024\/02\/image-30-747x420.png 747w\" sizes=\"auto, (max-width: 1024px) 100vw, 1024px\" \/><\/figure>\n\n\n\n<p>Se mantiene la alerta meteorol\u00f3gica amarilla por tormentas fuertes y se extiende hasta la medianoche.<\/p>\n\n\n\n<p>La municipalidad contin\u00faa con la asistencia para la contener a las familias afectadas por las inundaciones que se produjeron en distintos sectores de la ciudad.<\/p>\n\n\n\n<figure class=\"wp-block-image size-full is-resized\"><img loading=\"lazy\" decoding=\"async\" width=\"576\" height=\"1024\" src=\"https:\/\/www.todoeldia.com\/wp-content\/uploads\/2024\/02\/image-31.png\" alt=\"\" class=\"wp-image-72595\" style=\"width:1035px;height:auto\" srcset=\"https:\/\/www.todoeldia.com\/wp-content\/uploads\/2024\/02\/image-31.png 576w, https:\/\/www.todoeldia.com\/wp-content\/uploads\/2024\/02\/image-31-169x300.png 169w, https:\/\/www.todoeldia.com\/wp-content\/uploads\/2024\/02\/image-31-300x533.png 300w, https:\/\/www.todoeldia.com\/wp-content\/uploads\/2024\/02\/image-31-236x420.png 236w\" sizes=\"auto, (max-width: 576px) 100vw, 576px\" \/><\/figure>\n\n\n\n<p>Las zonas m\u00e1s afectadas se localizaron en los barrios del norte de la capital y en el cuadrante sureste donde se verificaron anegamientos de calles, avenidas y pasajes con ingreso de agua de lluvia en domicilios que provocaron las evacuaciones de familias a los puntos de asistencia preparados por el municipio.<\/p>\n\n\n\n<p>Asimismo, polic\u00edas de distintas jurisdicciones realizaron tareas de relevamiento, asistencia y despeje de calles por el temporal registrado hoy a la madrugada. Se asisti\u00f3 a personas anegadas por ingreso de agua a sus viviendas, voladura de techos, ca\u00eddas de \u00e1rboles en Capital, Met\u00e1n y Cerrillos. Hay evacuados que paulatinamente retornan a sus hogares.<\/p>\n\n\n\n<figure class=\"wp-block-image size-full is-resized\"><img loading=\"lazy\" decoding=\"async\" width=\"717\" height=\"690\" src=\"https:\/\/www.todoeldia.com\/wp-content\/uploads\/2024\/02\/image-32.png\" alt=\"\" class=\"wp-image-72596\" style=\"width:1035px;height:auto\" srcset=\"https:\/\/www.todoeldia.com\/wp-content\/uploads\/2024\/02\/image-32.png 717w, https:\/\/www.todoeldia.com\/wp-content\/uploads\/2024\/02\/image-32-300x289.png 300w, https:\/\/www.todoeldia.com\/wp-content\/uploads\/2024\/02\/image-32-696x670.png 696w, https:\/\/www.todoeldia.com\/wp-content\/uploads\/2024\/02\/image-32-436x420.png 436w\" sizes=\"auto, (max-width: 717px) 100vw, 717px\" \/><\/figure>\n\n\n\n<p>Ingresaron reportes al Sistema de Emergencia 911 por ingreso de agua a viviendas, voladura de techos, ca\u00eddas de \u00e1rboles, entre otras situaciones ocasionadas por inclemencias clim\u00e1ticas.<\/p>\n\n\n\n<p>En Capital, se asisti\u00f3 a personas que requirieron ser evacuadas a los Centros Integradores Comunitarios de Villa Mitre, Santa Cecilia y Solidaridad, tambi\u00e9n hubo damnificados por ingreso de agua a viviendas en los barrios Tres Cerritos, Leopoldo Lugones, y en la localidad de Cerrillos. En barrio Uni\u00f3n se auxili\u00f3 a una familia por la voladura del techo de su vivienda.<\/p>\n\n\n\n<figure class=\"wp-block-image size-full is-resized\"><img loading=\"lazy\" decoding=\"async\" width=\"720\" height=\"678\" src=\"https:\/\/www.todoeldia.com\/wp-content\/uploads\/2024\/02\/image-33.png\" alt=\"\" class=\"wp-image-72597\" style=\"width:1035px;height:auto\" srcset=\"https:\/\/www.todoeldia.com\/wp-content\/uploads\/2024\/02\/image-33.png 720w, https:\/\/www.todoeldia.com\/wp-content\/uploads\/2024\/02\/image-33-300x283.png 300w, https:\/\/www.todoeldia.com\/wp-content\/uploads\/2024\/02\/image-33-696x655.png 696w, https:\/\/www.todoeldia.com\/wp-content\/uploads\/2024\/02\/image-33-446x420.png 446w\" sizes=\"auto, (max-width: 720px) 100vw, 720px\" \/><\/figure>\n\n\n\n<p>En tanto en Met\u00e1n, polic\u00edas de la Unidad Regional 3 trabajaron en el despeje de arterias por ca\u00eddas de \u00e1rboles sobre la Ruta Nacional 6\/34 km 144, barrios 136 viviendas, Virgen del Valle y en la terminal de \u00f3mnibus. Se registr\u00f3 tambi\u00e9n voladura de techo en una vivienda en calle Alem.<\/p>\n","protected":false},"excerpt":{"rendered":"<p>La tormenta de rel\u00e1mpagos, truenos, rayos y abundante ca\u00edda de agua se inici\u00f3 a las 2 de la ma\u00f1ana de forma repentina a pesar de que el Servicio Meteorol\u00f3gico Nacional anunciaba solo una leve llovizna para la madrugada. De acuerdo al informe meteorol\u00f3gico el n\u00facleo de tormentas que se desplaz\u00f3 en el valle de Lerma [&hellip;]<\/p>\n","protected":false},"author":2,"featured_media":72593,"comment_status":"open","ping_status":"open","sticky":false,"template":"","format":"standard","meta":{"tdm_status":"","tdm_grid_status":"","_joinchat":[],"footnotes":""},"categories":[73],"tags":[],"class_list":{"0":"post-72592","1":"post","2":"type-post","3":"status-publish","4":"format-standard","5":"has-post-thumbnail","7":"category-noticias-general"},"amp_enabled":true,"_links":{"self":[{"href":"https:\/\/www.todoeldia.com\/index.php\/wp-json\/wp\/v2\/posts\/72592","targetHints":{"allow":["GET"]}}],"collection":[{"href":"https:\/\/www.todoeldia.com\/index.php\/wp-json\/wp\/v2\/posts"}],"about":[{"href":"https:\/\/www.todoeldia.com\/index.php\/wp-json\/wp\/v2\/types\/post"}],"author":[{"embeddable":true,"href":"https:\/\/www.todoeldia.com\/index.php\/wp-json\/wp\/v2\/users\/2"}],"replies":[{"embeddable":true,"href":"https:\/\/www.todoeldia.com\/index.php\/wp-json\/wp\/v2\/comments?post=72592"}],"version-history":[{"count":2,"href":"https:\/\/www.todoeldia.com\/index.php\/wp-json\/wp\/v2\/posts\/72592\/revisions"}],"predecessor-version":[{"id":72600,"href":"https:\/\/www.todoeldia.com\/index.php\/wp-json\/wp\/v2\/posts\/72592\/revisions\/72600"}],"wp:featuredmedia":[{"embeddable":true,"href":"https:\/\/www.todoeldia.com\/index.php\/wp-json\/wp\/v2\/media\/72593"}],"wp:attachment":[{"href":"https:\/\/www.todoeldia.com\/index.php\/wp-json\/wp\/v2\/media?parent=72592"}],"wp:term":[{"taxonomy":"category","embeddable":true,"href":"https:\/\/www.todoeldia.com\/index.php\/wp-json\/wp\/v2\/categories?post=72592"},{"taxonomy":"post_tag","embeddable":true,"href":"https:\/\/www.todoeldia.com\/index.php\/wp-json\/wp\/v2\/tags?post=72592"}],"curies":[{"name":"wp","href":"https:\/\/api.w.org\/{rel}","templated":true}]}}