{"id":72625,"date":"2024-02-06T18:14:39","date_gmt":"2024-02-06T21:14:39","guid":{"rendered":"https:\/\/www.todoeldia.com\/?p=72625"},"modified":"2024-02-06T18:17:10","modified_gmt":"2024-02-06T21:17:10","slug":"el-expresidente-chileno-sebastian-pinera-murio-en-un-accidente-aereo","status":"publish","type":"post","link":"https:\/\/www.todoeldia.com\/index.php\/2024\/02\/06\/el-expresidente-chileno-sebastian-pinera-murio-en-un-accidente-aereo\/","title":{"rendered":"El expresidente chileno Sebasti\u00e1n Pi\u00f1era muri\u00f3 en un accidente a\u00e9reo al caer su helic\u00f3ptero"},"content":{"rendered":"\n<p>Cay\u00f3 el helic\u00f3ptero en el que se desplazaba. El accidente se produjo en la regi\u00f3n de Los R\u00edos.<\/p>\n\n\n\n<p>El expresidente de Chile Sebasti\u00e1n Pi\u00f1era (74 a\u00f1os) muri\u00f3 hoy al accidentarse el helic\u00f3ptero en el que viajaba sobre las aguas del lago Ranco, en la regi\u00f3n de Los R\u00edos, al parecer debido a fuertes lluvias.<\/p>\n\n\n\n<figure class=\"wp-block-image size-full is-resized\"><img loading=\"lazy\" decoding=\"async\" width=\"626\" height=\"450\" src=\"https:\/\/www.todoeldia.com\/wp-content\/uploads\/2024\/02\/pinera.jpg\" alt=\"\" class=\"wp-image-72626\" style=\"width:1068px;height:auto\" srcset=\"https:\/\/www.todoeldia.com\/wp-content\/uploads\/2024\/02\/pinera.jpg 626w, https:\/\/www.todoeldia.com\/wp-content\/uploads\/2024\/02\/pinera-300x216.jpg 300w, https:\/\/www.todoeldia.com\/wp-content\/uploads\/2024\/02\/pinera-584x420.jpg 584w\" sizes=\"auto, (max-width: 626px) 100vw, 626px\" \/><figcaption class=\"wp-element-caption\">Ex presidente chileno Sebasti\u00e1n Pi\u00f1era falleci\u00f3 en un accidente a\u00e9reo<\/figcaption><\/figure>\n\n\n\n<p>Seg\u00fan la informaci\u00f3n difundida por el sitio Emol, en la nave, que se hundi\u00f3 en el lago, iban cinco personas, tres de las cuales lograron sobrevivir.<\/p>\n\n\n\n<p>Luego de conocerse la informaci\u00f3n, el delegado presidencial de Los R\u00edos se traslad\u00f3 a la zona para constatar lo ocurrido.<\/p>\n\n\n\n<p>Pi\u00f1era, de 74 a\u00f1os, fue presidente del pa\u00eds sudamericano en los periodos 2010-2014 y 2018-2022.<\/p>\n\n\n\n<p>Su agudo olfato para los negocios, adem\u00e1s de su temperamento controlador y obsesivo, si bien lo hizo centro de varias pol\u00e9micas le permiti\u00f3 amasar un patrimonio de unos 3.000 millones de d\u00f3lares que lo llev\u00f3 incluso a la famosa lista Forbes.<\/p>\n","protected":false},"excerpt":{"rendered":"<p>Cay\u00f3 el helic\u00f3ptero en el que se desplazaba. El accidente se produjo en la regi\u00f3n de Los R\u00edos. El expresidente de Chile Sebasti\u00e1n Pi\u00f1era (74 a\u00f1os) muri\u00f3 hoy al accidentarse el helic\u00f3ptero en el que viajaba sobre las aguas del lago Ranco, en la regi\u00f3n de Los R\u00edos, al parecer debido a fuertes lluvias. Seg\u00fan [&hellip;]<\/p>\n","protected":false},"author":2,"featured_media":72629,"comment_status":"open","ping_status":"open","sticky":false,"template":"","format":"standard","meta":{"tdm_status":"","tdm_grid_status":"","_joinchat":[],"footnotes":""},"categories":[63],"tags":[],"class_list":{"0":"post-72625","1":"post","2":"type-post","3":"status-publish","4":"format-standard","5":"has-post-thumbnail","7":"category-policiales"},"amp_enabled":true,"_links":{"self":[{"href":"https:\/\/www.todoeldia.com\/index.php\/wp-json\/wp\/v2\/posts\/72625","targetHints":{"allow":["GET"]}}],"collection":[{"href":"https:\/\/www.todoeldia.com\/index.php\/wp-json\/wp\/v2\/posts"}],"about":[{"href":"https:\/\/www.todoeldia.com\/index.php\/wp-json\/wp\/v2\/types\/post"}],"author":[{"embeddable":true,"href":"https:\/\/www.todoeldia.com\/index.php\/wp-json\/wp\/v2\/users\/2"}],"replies":[{"embeddable":true,"href":"https:\/\/www.todoeldia.com\/index.php\/wp-json\/wp\/v2\/comments?post=72625"}],"version-history":[{"count":2,"href":"https:\/\/www.todoeldia.com\/index.php\/wp-json\/wp\/v2\/posts\/72625\/revisions"}],"predecessor-version":[{"id":72630,"href":"https:\/\/www.todoeldia.com\/index.php\/wp-json\/wp\/v2\/posts\/72625\/revisions\/72630"}],"wp:featuredmedia":[{"embeddable":true,"href":"https:\/\/www.todoeldia.com\/index.php\/wp-json\/wp\/v2\/media\/72629"}],"wp:attachment":[{"href":"https:\/\/www.todoeldia.com\/index.php\/wp-json\/wp\/v2\/media?parent=72625"}],"wp:term":[{"taxonomy":"category","embeddable":true,"href":"https:\/\/www.todoeldia.com\/index.php\/wp-json\/wp\/v2\/categories?post=72625"},{"taxonomy":"post_tag","embeddable":true,"href":"https:\/\/www.todoeldia.com\/index.php\/wp-json\/wp\/v2\/tags?post=72625"}],"curies":[{"name":"wp","href":"https:\/\/api.w.org\/{rel}","templated":true}]}}