{"id":72788,"date":"2024-02-09T13:31:38","date_gmt":"2024-02-09T16:31:38","guid":{"rendered":"https:\/\/www.todoeldia.com\/?p=72788"},"modified":"2024-02-09T13:31:58","modified_gmt":"2024-02-09T16:31:58","slug":"abuelo-degenerado-ira-10-anos-preso-por-abusar-de-su-nieta","status":"publish","type":"post","link":"https:\/\/www.todoeldia.com\/index.php\/2024\/02\/09\/abuelo-degenerado-ira-10-anos-preso-por-abusar-de-su-nieta\/","title":{"rendered":"Abuelo degenerado ira 10 a\u00f1os preso por abusar de su nieta"},"content":{"rendered":"\n<p>Un hombre de 62 a\u00f1os cuidaba a su nieta desde que su hija muri\u00f3, cuando la ni\u00f1a ten\u00eda 2 a\u00f1os. El 7 de febrero del a\u00f1o pasado fue denunciado por la abuela paterna de la menor.<\/p>\n\n\n\n<p>Ese d\u00eda la ni\u00f1a le cont\u00f3 que desde que ten\u00eda 6 a\u00f1os era abusada por su abuelo. Mientras dorm\u00eda le tocaba sus partes \u00edntimas o bien se acostaba a su lado. Agreg\u00f3 que ella no hab\u00eda dicho nada porque \u00e9l la amenazaba con hacerle da\u00f1o.<\/p>\n\n\n\n<p>El hombre fue condenado a la pena de diez a\u00f1os de prisi\u00f3n efectiva como autor del delito de abuso sexual gravemente ultrajante por su duraci\u00f3n y circunstancias de su realizaci\u00f3n agravado por haber sido cometido por un ascendiente, la guarda y convivencia.<\/p>\n","protected":false},"excerpt":{"rendered":"<p>Un hombre de 62 a\u00f1os cuidaba a su nieta desde que su hija muri\u00f3, cuando la ni\u00f1a ten\u00eda 2 a\u00f1os. El 7 de febrero del a\u00f1o pasado fue denunciado por la abuela paterna de la menor. Ese d\u00eda la ni\u00f1a le cont\u00f3 que desde que ten\u00eda 6 a\u00f1os era abusada por su abuelo. Mientras dorm\u00eda [&hellip;]<\/p>\n","protected":false},"author":2,"featured_media":72789,"comment_status":"open","ping_status":"open","sticky":false,"template":"","format":"standard","meta":{"tdm_status":"","tdm_grid_status":"","_joinchat":[],"footnotes":""},"categories":[63],"tags":[],"class_list":{"0":"post-72788","1":"post","2":"type-post","3":"status-publish","4":"format-standard","5":"has-post-thumbnail","7":"category-policiales"},"amp_enabled":true,"_links":{"self":[{"href":"https:\/\/www.todoeldia.com\/index.php\/wp-json\/wp\/v2\/posts\/72788","targetHints":{"allow":["GET"]}}],"collection":[{"href":"https:\/\/www.todoeldia.com\/index.php\/wp-json\/wp\/v2\/posts"}],"about":[{"href":"https:\/\/www.todoeldia.com\/index.php\/wp-json\/wp\/v2\/types\/post"}],"author":[{"embeddable":true,"href":"https:\/\/www.todoeldia.com\/index.php\/wp-json\/wp\/v2\/users\/2"}],"replies":[{"embeddable":true,"href":"https:\/\/www.todoeldia.com\/index.php\/wp-json\/wp\/v2\/comments?post=72788"}],"version-history":[{"count":1,"href":"https:\/\/www.todoeldia.com\/index.php\/wp-json\/wp\/v2\/posts\/72788\/revisions"}],"predecessor-version":[{"id":72790,"href":"https:\/\/www.todoeldia.com\/index.php\/wp-json\/wp\/v2\/posts\/72788\/revisions\/72790"}],"wp:featuredmedia":[{"embeddable":true,"href":"https:\/\/www.todoeldia.com\/index.php\/wp-json\/wp\/v2\/media\/72789"}],"wp:attachment":[{"href":"https:\/\/www.todoeldia.com\/index.php\/wp-json\/wp\/v2\/media?parent=72788"}],"wp:term":[{"taxonomy":"category","embeddable":true,"href":"https:\/\/www.todoeldia.com\/index.php\/wp-json\/wp\/v2\/categories?post=72788"},{"taxonomy":"post_tag","embeddable":true,"href":"https:\/\/www.todoeldia.com\/index.php\/wp-json\/wp\/v2\/tags?post=72788"}],"curies":[{"name":"wp","href":"https:\/\/api.w.org\/{rel}","templated":true}]}}