{"id":7287,"date":"2020-10-01T11:25:47","date_gmt":"2020-10-01T14:25:47","guid":{"rendered":"https:\/\/www.todoeldia.com\/?p=7287"},"modified":"2020-10-01T11:25:48","modified_gmt":"2020-10-01T14:25:48","slug":"salvaje-detenido-por-golpear-a-sus-hijos-menores","status":"publish","type":"post","link":"https:\/\/www.todoeldia.com\/index.php\/2020\/10\/01\/salvaje-detenido-por-golpear-a-sus-hijos-menores\/","title":{"rendered":"Salvaje detenido por golpear a sus hijos menores"},"content":{"rendered":"\n<p>Un hombre de 44 a\u00f1os fue detenido e imputado por golpear y lesionar a tres de sus hijos menores de edad. Los hab\u00eda buscado de la casa de su madre, de quien se encuentra separado, y los golpe\u00f3. Las lesiones fueron constatadas por un m\u00e9dico.<\/p>\n\n\n\n<p>La&nbsp;fiscal penal de Joaqu\u00edn V. Gonz\u00e1lez, Mar\u00eda Celeste Garc\u00eda Pisacic, imput\u00f3 a un&nbsp;hombre de 44 a\u00f1os como autor del delito de lesiones agravadas por el v\u00ednculo en perjuicio de tres de sus hijos menores de edad.<\/p>\n\n\n\n<p>La&nbsp;denuncia&nbsp;fue&nbsp;radicada por la madre de los menores, quien relata que&nbsp;convivi\u00f3 con el acusado durante 13 a\u00f1os y se encuentran separados hace seis a\u00f1os aproximadamente.<\/p>\n\n\n\n<p>Se\u00f1ala que&nbsp;tienen cuatro hijos en com\u00fan y que el pasado viernes, el acusado se present\u00f3 en su casa y retir\u00f3 a tres de los menores, de 11, 8 y 5 a\u00f1os.<\/p>\n\n\n\n<p>Al d\u00eda siguiente, cuando la mujer le pregunt\u00f3 por los ni\u00f1os, le dijo que permanec\u00edan en su casa, ba\u00f1\u00e1ndose en la pileta de lona que limpiaron, pero&nbsp;tom\u00f3 conocimiento por otra persona de que los ni\u00f1os se encontraban en una sandwicher\u00eda con su padre en estado de ebriedad y que hab\u00edan sido golpeados.<\/p>\n\n\n\n<p>Los menores&nbsp;fueron revisados por un m\u00e9dico y se constataron las lesiones, por lo que fue aprehendido e imputado.<\/p>\n","protected":false},"excerpt":{"rendered":"<p>Un hombre de 44 a\u00f1os fue detenido e imputado por golpear y lesionar a tres de sus hijos menores de edad. Los hab\u00eda buscado de la casa de su madre, de quien se encuentra separado, y los golpe\u00f3. Las lesiones fueron constatadas por un m\u00e9dico. La&nbsp;fiscal penal de Joaqu\u00edn V. Gonz\u00e1lez, Mar\u00eda Celeste Garc\u00eda Pisacic, [&hellip;]<\/p>\n","protected":false},"author":2,"featured_media":7288,"comment_status":"open","ping_status":"open","sticky":false,"template":"","format":"standard","meta":{"tdm_status":"","tdm_grid_status":"","_joinchat":[],"footnotes":""},"categories":[63],"tags":[],"class_list":{"0":"post-7287","1":"post","2":"type-post","3":"status-publish","4":"format-standard","5":"has-post-thumbnail","7":"category-policiales"},"amp_enabled":true,"_links":{"self":[{"href":"https:\/\/www.todoeldia.com\/index.php\/wp-json\/wp\/v2\/posts\/7287","targetHints":{"allow":["GET"]}}],"collection":[{"href":"https:\/\/www.todoeldia.com\/index.php\/wp-json\/wp\/v2\/posts"}],"about":[{"href":"https:\/\/www.todoeldia.com\/index.php\/wp-json\/wp\/v2\/types\/post"}],"author":[{"embeddable":true,"href":"https:\/\/www.todoeldia.com\/index.php\/wp-json\/wp\/v2\/users\/2"}],"replies":[{"embeddable":true,"href":"https:\/\/www.todoeldia.com\/index.php\/wp-json\/wp\/v2\/comments?post=7287"}],"version-history":[{"count":1,"href":"https:\/\/www.todoeldia.com\/index.php\/wp-json\/wp\/v2\/posts\/7287\/revisions"}],"predecessor-version":[{"id":7289,"href":"https:\/\/www.todoeldia.com\/index.php\/wp-json\/wp\/v2\/posts\/7287\/revisions\/7289"}],"wp:featuredmedia":[{"embeddable":true,"href":"https:\/\/www.todoeldia.com\/index.php\/wp-json\/wp\/v2\/media\/7288"}],"wp:attachment":[{"href":"https:\/\/www.todoeldia.com\/index.php\/wp-json\/wp\/v2\/media?parent=7287"}],"wp:term":[{"taxonomy":"category","embeddable":true,"href":"https:\/\/www.todoeldia.com\/index.php\/wp-json\/wp\/v2\/categories?post=7287"},{"taxonomy":"post_tag","embeddable":true,"href":"https:\/\/www.todoeldia.com\/index.php\/wp-json\/wp\/v2\/tags?post=7287"}],"curies":[{"name":"wp","href":"https:\/\/api.w.org\/{rel}","templated":true}]}}