{"id":72881,"date":"2024-02-12T13:04:23","date_gmt":"2024-02-12T16:04:23","guid":{"rendered":"https:\/\/www.todoeldia.com\/?p=72881"},"modified":"2024-02-12T13:04:24","modified_gmt":"2024-02-12T16:04:24","slug":"video-un-impresionante-choque-en-la-plata-termino-con-un-muerto-y-tres-heridos","status":"publish","type":"post","link":"https:\/\/www.todoeldia.com\/index.php\/2024\/02\/12\/video-un-impresionante-choque-en-la-plata-termino-con-un-muerto-y-tres-heridos\/","title":{"rendered":"Video: un impresionante choque en La Plata termin\u00f3 con un muerto y tres heridos"},"content":{"rendered":"\n<p>El accidente, ocurrido en la esquina de las calles 7 y 49, qued\u00f3 registro en una c\u00e1mara de seguridad municipal.<\/p>\n\n\n\n<p>Un brutal accidente de tr\u00e1nsito entre dos motos y auto, ocurrido este lunes por la madrugada en La Plata, termin\u00f3 con joven de 29 a\u00f1os fallecido y otros tres heridos.<\/p>\n\n\n\n<figure class=\"wp-block-image size-full is-resized\"><img loading=\"lazy\" decoding=\"async\" width=\"768\" height=\"432\" src=\"https:\/\/www.todoeldia.com\/wp-content\/uploads\/2024\/02\/image-49.png\" alt=\"\" class=\"wp-image-72883\" style=\"width:1035px;height:auto\" srcset=\"https:\/\/www.todoeldia.com\/wp-content\/uploads\/2024\/02\/image-49.png 768w, https:\/\/www.todoeldia.com\/wp-content\/uploads\/2024\/02\/image-49-300x169.png 300w, https:\/\/www.todoeldia.com\/wp-content\/uploads\/2024\/02\/image-49-696x392.png 696w, https:\/\/www.todoeldia.com\/wp-content\/uploads\/2024\/02\/image-49-747x420.png 747w\" sizes=\"auto, (max-width: 768px) 100vw, 768px\" \/><\/figure>\n\n\n\n<p>El hecho tuvo lugar a la 1.30 en la esquina de las calles 7 y 49, donde dos motos de marcas Rouser y Bajaj que circulaban a alta velocidad y cruzaron con el sem\u00e1foro en rojo embistieron a un Volkswagen Suran, que ten\u00eda prioridad de paso.<\/p>\n\n\n\n<figure class=\"wp-block-image size-full is-resized\"><img loading=\"lazy\" decoding=\"async\" width=\"768\" height=\"1024\" src=\"https:\/\/www.todoeldia.com\/wp-content\/uploads\/2024\/02\/image-51.png\" alt=\"\" class=\"wp-image-72885\" style=\"width:1035px;height:auto\" srcset=\"https:\/\/www.todoeldia.com\/wp-content\/uploads\/2024\/02\/image-51.png 768w, https:\/\/www.todoeldia.com\/wp-content\/uploads\/2024\/02\/image-51-225x300.png 225w, https:\/\/www.todoeldia.com\/wp-content\/uploads\/2024\/02\/image-51-300x400.png 300w, https:\/\/www.todoeldia.com\/wp-content\/uploads\/2024\/02\/image-51-696x928.png 696w, https:\/\/www.todoeldia.com\/wp-content\/uploads\/2024\/02\/image-51-315x420.png 315w\" sizes=\"auto, (max-width: 768px) 100vw, 768px\" \/><\/figure>\n\n\n\n<p>Como consecuencia del impacto, el conductor de la Rouser de 200 cc muri\u00f3 en el acto y su acompa\u00f1ante, de 19 a\u00f1os, fue trasladado por una ambulancia del SAME al Hospital San Mart\u00edn. En tanto, los otros dos heridos fueron derivados al Hospital Guti\u00e9rrez.<\/p>\n\n\n\n<p><\/p>\n\n\n\n<figure class=\"wp-block-embed is-type-video is-provider-youtube wp-block-embed-youtube wp-embed-aspect-16-9 wp-has-aspect-ratio\"><div class=\"wp-block-embed__wrapper\">\n<div class=\"youtube-embed\" data-video_id=\"\"><iframe loading=\"lazy\" title=\"\ud83d\udea8 ACCIDENTE FATAL EN LA PLATA\" width=\"696\" height=\"392\" src=\"https:\/\/www.youtube.com\/embed\/8GVggojRzJ0?feature=oembed&#038;enablejsapi=1\" frameborder=\"0\" allow=\"accelerometer; autoplay; clipboard-write; encrypted-media; gyroscope; picture-in-picture; web-share\" allowfullscreen><\/iframe><\/div>\n<\/div><\/figure>\n\n\n\n<p>Fuentes policiales confirmaron a Infobae que la v\u00edctima fatal fue identificada como Dami\u00e1n Chiusaroli, de 29 a\u00f1os.<\/p>\n\n\n\n<figure class=\"wp-block-image size-full is-resized\"><img loading=\"lazy\" decoding=\"async\" width=\"768\" height=\"432\" src=\"https:\/\/www.todoeldia.com\/wp-content\/uploads\/2024\/02\/image-50.png\" alt=\"\" class=\"wp-image-72884\" style=\"width:1035px;height:auto\" srcset=\"https:\/\/www.todoeldia.com\/wp-content\/uploads\/2024\/02\/image-50.png 768w, https:\/\/www.todoeldia.com\/wp-content\/uploads\/2024\/02\/image-50-300x169.png 300w, https:\/\/www.todoeldia.com\/wp-content\/uploads\/2024\/02\/image-50-696x392.png 696w, https:\/\/www.todoeldia.com\/wp-content\/uploads\/2024\/02\/image-50-747x420.png 747w\" sizes=\"auto, (max-width: 768px) 100vw, 768px\" \/><\/figure>\n\n\n\n<p>na c\u00e1mara de seguridad municipal apostada en esa esquina registro el momento exacto del hecho. All\u00ed se observa cuando ambas motos que circulaban por calle 49 cruzan la calle 7 sin respetar la luz roja ni advertir que del lado izquierdo ven\u00eda el WV Suran, que ten\u00eda la luz verde de paso.<\/p>\n\n\n\n<p>Tras el choque, el conductor de la Suran pierde el control del auto y termina arriba de la vereda con su costado izquierdo destrozado, mientras que las dos motos quedan tiradas sobre el asfalto, con da\u00f1os visibles. Una de ellas perdi\u00f3 la horquilla delantera.<\/p>\n","protected":false},"excerpt":{"rendered":"<p>El accidente, ocurrido en la esquina de las calles 7 y 49, qued\u00f3 registro en una c\u00e1mara de seguridad municipal. Un brutal accidente de tr\u00e1nsito entre dos motos y auto, ocurrido este lunes por la madrugada en La Plata, termin\u00f3 con joven de 29 a\u00f1os fallecido y otros tres heridos. El hecho tuvo lugar a [&hellip;]<\/p>\n","protected":false},"author":2,"featured_media":72882,"comment_status":"open","ping_status":"open","sticky":false,"template":"","format":"standard","meta":{"tdm_status":"","tdm_grid_status":"","_joinchat":[],"footnotes":""},"categories":[63],"tags":[],"class_list":{"0":"post-72881","1":"post","2":"type-post","3":"status-publish","4":"format-standard","5":"has-post-thumbnail","7":"category-policiales"},"amp_enabled":true,"_links":{"self":[{"href":"https:\/\/www.todoeldia.com\/index.php\/wp-json\/wp\/v2\/posts\/72881","targetHints":{"allow":["GET"]}}],"collection":[{"href":"https:\/\/www.todoeldia.com\/index.php\/wp-json\/wp\/v2\/posts"}],"about":[{"href":"https:\/\/www.todoeldia.com\/index.php\/wp-json\/wp\/v2\/types\/post"}],"author":[{"embeddable":true,"href":"https:\/\/www.todoeldia.com\/index.php\/wp-json\/wp\/v2\/users\/2"}],"replies":[{"embeddable":true,"href":"https:\/\/www.todoeldia.com\/index.php\/wp-json\/wp\/v2\/comments?post=72881"}],"version-history":[{"count":1,"href":"https:\/\/www.todoeldia.com\/index.php\/wp-json\/wp\/v2\/posts\/72881\/revisions"}],"predecessor-version":[{"id":72886,"href":"https:\/\/www.todoeldia.com\/index.php\/wp-json\/wp\/v2\/posts\/72881\/revisions\/72886"}],"wp:featuredmedia":[{"embeddable":true,"href":"https:\/\/www.todoeldia.com\/index.php\/wp-json\/wp\/v2\/media\/72882"}],"wp:attachment":[{"href":"https:\/\/www.todoeldia.com\/index.php\/wp-json\/wp\/v2\/media?parent=72881"}],"wp:term":[{"taxonomy":"category","embeddable":true,"href":"https:\/\/www.todoeldia.com\/index.php\/wp-json\/wp\/v2\/categories?post=72881"},{"taxonomy":"post_tag","embeddable":true,"href":"https:\/\/www.todoeldia.com\/index.php\/wp-json\/wp\/v2\/tags?post=72881"}],"curies":[{"name":"wp","href":"https:\/\/api.w.org\/{rel}","templated":true}]}}