{"id":72933,"date":"2024-02-13T14:48:43","date_gmt":"2024-02-13T17:48:43","guid":{"rendered":"https:\/\/www.todoeldia.com\/?p=72933"},"modified":"2024-02-13T14:48:44","modified_gmt":"2024-02-13T17:48:44","slug":"el-gobierno-busca-reducir-los-120-custodios-de-cfk-los-30-de-macri-y-los-policias-viajeros-de-alberto-fernandez","status":"publish","type":"post","link":"https:\/\/www.todoeldia.com\/index.php\/2024\/02\/13\/el-gobierno-busca-reducir-los-120-custodios-de-cfk-los-30-de-macri-y-los-policias-viajeros-de-alberto-fernandez\/","title":{"rendered":"El Gobierno busca reducir los 120 custodios de CFK, los 30 de Macri y los polic\u00edas viajeros de Alberto Fern\u00e1ndez"},"content":{"rendered":"\n<p>La secretaria general de la Presidencia, Karina Milei, revisa los fondos y el personal que se destinan a darle seguridad a los ex mandatarios nacionales y a sus familiares. Aclaran desde el Ejecutivo que se mantendr\u00e1n las funciones, pero con criterios de mayor racionalidad en tiempos de crisis.<\/p>\n\n\n\n<p>En el marco del plan de la actual gesti\u00f3n de reducir todos los gastos del Estados, el Gobierno busca modificar el reglamento sobre la custodia de los ex Presidentes, tras revisar la situaci\u00f3n y el personal destinado a esa tarea. La medida est\u00e1 en manos de la secretaria General de la Presidencia, Karina Milei, que este martes regres\u00f3 a la Argentina tras formar parte de la gira oficial que su hermano realiz\u00f3 por Israel, Italia y El Vaticano.<\/p>\n\n\n\n<p>La decisi\u00f3n surgi\u00f3 luego de que la funcionaria detectara, entre otras cuestiones, algunos casos que considera excesivos, como el de Cristina Kirchner, quien cuenta con alrededor de 120 efectivos de la Polic\u00eda Federal abocados a su seguridad y a la de su familia, m\u00e1s precisamente a su hija y su nieta. Es un dispositivo especial que se puso en funciones despu\u00e9s del intento de magnicidio del 1\u00b0 de septiembre del 2022.<\/p>\n\n\n\n<p>Asimismo, tambi\u00e9n llam\u00f3 la atenci\u00f3n los operativos que demanda la custodia de Alberto Fern\u00e1ndez, que tras dejar el cargo se instal\u00f3 en Espa\u00f1a, por lo que Casa Militar, que es la instituci\u00f3n que se encarga de la seguridad de los mandatarios en ejercicio y fuera del mismo, debe coordinar y enviar agentes a ese pa\u00eds.<\/p>\n\n\n\n<p>De hecho, seg\u00fan trascendi\u00f3, todas las semanas viaja a Madrid un miembro de la Polic\u00eda Federal Argentina para permanecer en el departamento que alquila el ex Presidente y acompa\u00f1arlo en sus actividades diarias. Luego, esa persona regresa a Buenos Aires y se env\u00eda a otra para hacer el relevo, lo cual demanda grandes gastos en pasajes y vi\u00e1ticos. En total, son 12 los efectivos que tiene a su disposici\u00f3n.<\/p>\n\n\n\n<p>De acuerdo con la informaci\u00f3n que trascendi\u00f3 de fuentes oficiales, el equipo completo de efectivos de custodia asignados a Mauricio Macri estar\u00eda en el orden de los 30. Es personal abocado, en todos los casos, a cumplir esas tareas 24&#215;7 los 365 d\u00edas del a\u00f1o. Tambi\u00e9n lo acompa\u00f1an cuando el referente del PRO viaja al exterior.<\/p>\n\n\n\n<p>Seg\u00fan pudo saber Infobae de fuentes oficiales, lo que s\u00ed se va a impulsar es una reglamentaci\u00f3n m\u00e1s estricta de los protocolos para establecer cu\u00e1nto personal -m\u00ednimo y m\u00e1ximo- se puede disponer para la custodia de los jefes de Estado.<\/p>\n\n\n\n<p>\u201cEl objetivo no es eliminar la custodia, ni dejar desprotegido a ning\u00fan presidente. Pero tampoco seguir sosteniendo este r\u00e9gimen en tiempos de crisis y cuando estamos planteando que no hay plata y que a la sociedad le estamos exigiendo un esfuerzo tan grande para superar estos dif\u00edciles momentos\u201d, explicaron a Infobae fuentes oficiales<\/p>\n","protected":false},"excerpt":{"rendered":"<p>La secretaria general de la Presidencia, Karina Milei, revisa los fondos y el personal que se destinan a darle seguridad a los ex mandatarios nacionales y a sus familiares. Aclaran desde el Ejecutivo que se mantendr\u00e1n las funciones, pero con criterios de mayor racionalidad en tiempos de crisis. En el marco del plan de la [&hellip;]<\/p>\n","protected":false},"author":2,"featured_media":72934,"comment_status":"open","ping_status":"open","sticky":false,"template":"","format":"standard","meta":{"tdm_status":"","tdm_grid_status":"","_joinchat":[],"footnotes":""},"categories":[59],"tags":[],"class_list":{"0":"post-72933","1":"post","2":"type-post","3":"status-publish","4":"format-standard","5":"has-post-thumbnail","7":"category-politica"},"amp_enabled":true,"_links":{"self":[{"href":"https:\/\/www.todoeldia.com\/index.php\/wp-json\/wp\/v2\/posts\/72933","targetHints":{"allow":["GET"]}}],"collection":[{"href":"https:\/\/www.todoeldia.com\/index.php\/wp-json\/wp\/v2\/posts"}],"about":[{"href":"https:\/\/www.todoeldia.com\/index.php\/wp-json\/wp\/v2\/types\/post"}],"author":[{"embeddable":true,"href":"https:\/\/www.todoeldia.com\/index.php\/wp-json\/wp\/v2\/users\/2"}],"replies":[{"embeddable":true,"href":"https:\/\/www.todoeldia.com\/index.php\/wp-json\/wp\/v2\/comments?post=72933"}],"version-history":[{"count":1,"href":"https:\/\/www.todoeldia.com\/index.php\/wp-json\/wp\/v2\/posts\/72933\/revisions"}],"predecessor-version":[{"id":72935,"href":"https:\/\/www.todoeldia.com\/index.php\/wp-json\/wp\/v2\/posts\/72933\/revisions\/72935"}],"wp:featuredmedia":[{"embeddable":true,"href":"https:\/\/www.todoeldia.com\/index.php\/wp-json\/wp\/v2\/media\/72934"}],"wp:attachment":[{"href":"https:\/\/www.todoeldia.com\/index.php\/wp-json\/wp\/v2\/media?parent=72933"}],"wp:term":[{"taxonomy":"category","embeddable":true,"href":"https:\/\/www.todoeldia.com\/index.php\/wp-json\/wp\/v2\/categories?post=72933"},{"taxonomy":"post_tag","embeddable":true,"href":"https:\/\/www.todoeldia.com\/index.php\/wp-json\/wp\/v2\/tags?post=72933"}],"curies":[{"name":"wp","href":"https:\/\/api.w.org\/{rel}","templated":true}]}}