{"id":72972,"date":"2024-02-13T20:19:39","date_gmt":"2024-02-13T23:19:39","guid":{"rendered":"https:\/\/www.todoeldia.com\/?p=72972"},"modified":"2024-02-13T20:19:40","modified_gmt":"2024-02-13T23:19:40","slug":"conductor-ebrio-en-el-choque-frontal-en-el-acceso-al-cerro-de-la-virgen-donde-murio-una-mujer","status":"publish","type":"post","link":"https:\/\/www.todoeldia.com\/index.php\/2024\/02\/13\/conductor-ebrio-en-el-choque-frontal-en-el-acceso-al-cerro-de-la-virgen-donde-murio-una-mujer\/","title":{"rendered":"Conductor ebrio en el choque frontal en el acceso al cerro de la Virgen donde muri\u00f3 una mujer"},"content":{"rendered":"\n<p>El hecho involucr\u00f3 a dos veh\u00edculos que chocaron frontalmente. Dos mujeres fueron llevadas de urgencia en estado cr\u00edtico, pero una de ellas falleci\u00f3.<\/p>\n\n\n\n<p>El fiscal penal 2, Ramiro Ramos Ossorio, intervino en un incidente vial entre dos veh\u00edculos el domingo 11 de febrero en horas de la tarde. Ocurri\u00f3 en la calle de acceso al Cerro de la Virgen, en direcci\u00f3n sur a norte, antes de llegar al control de la Divisi\u00f3n Vial, en el kil\u00f3metro 6 \u00bd de la ruta Provincial 57.<\/p>\n\n\n\n<p>El hecho se produjo cuando el conductor que circulaba a bordo de un Volkswagen Vento, habr\u00eda colisionado un autom\u00f3vil Chery negro, que circulaba por la misma arteria, en sentido contrario. En este \u00faltimo veh\u00edculo viajaban dos mujeres, quienes debieron recibir atenci\u00f3n inmediata por parte del personal de SAMEC y fueron trasladadas en c\u00f3digo rojo al Hospital San Bernardo debido a politraumatismos graves.<\/p>\n\n\n\n<p>En tanto, personal de Criminal\u00edstica se hizo presente en el lugar, a fin de proceder a realizar las diligencias correspondientes.<\/p>\n\n\n\n<p>El conductor del Volkswagen, sometido a un test de alcoholemia, arroj\u00f3 resultado positivo de 1.12 gramos por litro de alcohol en sangre. Ante esto, el fiscal Ramos Ossorio solicit\u00f3 su detenci\u00f3n inmediata.<\/p>\n\n\n\n<p>Con el transcurso de las horas posteriores al siniestro, se dio a conocer el fallecimiento de la mujer que viajaba como acompa\u00f1ante en el segundo veh\u00edculo.<\/p>\n","protected":false},"excerpt":{"rendered":"<p>El hecho involucr\u00f3 a dos veh\u00edculos que chocaron frontalmente. Dos mujeres fueron llevadas de urgencia en estado cr\u00edtico, pero una de ellas falleci\u00f3. El fiscal penal 2, Ramiro Ramos Ossorio, intervino en un incidente vial entre dos veh\u00edculos el domingo 11 de febrero en horas de la tarde. Ocurri\u00f3 en la calle de acceso al [&hellip;]<\/p>\n","protected":false},"author":2,"featured_media":72888,"comment_status":"open","ping_status":"open","sticky":false,"template":"","format":"standard","meta":{"tdm_status":"","tdm_grid_status":"","_joinchat":[],"footnotes":""},"categories":[63],"tags":[],"class_list":{"0":"post-72972","1":"post","2":"type-post","3":"status-publish","4":"format-standard","5":"has-post-thumbnail","7":"category-policiales"},"amp_enabled":true,"_links":{"self":[{"href":"https:\/\/www.todoeldia.com\/index.php\/wp-json\/wp\/v2\/posts\/72972","targetHints":{"allow":["GET"]}}],"collection":[{"href":"https:\/\/www.todoeldia.com\/index.php\/wp-json\/wp\/v2\/posts"}],"about":[{"href":"https:\/\/www.todoeldia.com\/index.php\/wp-json\/wp\/v2\/types\/post"}],"author":[{"embeddable":true,"href":"https:\/\/www.todoeldia.com\/index.php\/wp-json\/wp\/v2\/users\/2"}],"replies":[{"embeddable":true,"href":"https:\/\/www.todoeldia.com\/index.php\/wp-json\/wp\/v2\/comments?post=72972"}],"version-history":[{"count":1,"href":"https:\/\/www.todoeldia.com\/index.php\/wp-json\/wp\/v2\/posts\/72972\/revisions"}],"predecessor-version":[{"id":72973,"href":"https:\/\/www.todoeldia.com\/index.php\/wp-json\/wp\/v2\/posts\/72972\/revisions\/72973"}],"wp:featuredmedia":[{"embeddable":true,"href":"https:\/\/www.todoeldia.com\/index.php\/wp-json\/wp\/v2\/media\/72888"}],"wp:attachment":[{"href":"https:\/\/www.todoeldia.com\/index.php\/wp-json\/wp\/v2\/media?parent=72972"}],"wp:term":[{"taxonomy":"category","embeddable":true,"href":"https:\/\/www.todoeldia.com\/index.php\/wp-json\/wp\/v2\/categories?post=72972"},{"taxonomy":"post_tag","embeddable":true,"href":"https:\/\/www.todoeldia.com\/index.php\/wp-json\/wp\/v2\/tags?post=72972"}],"curies":[{"name":"wp","href":"https:\/\/api.w.org\/{rel}","templated":true}]}}