{"id":72992,"date":"2024-02-14T14:58:56","date_gmt":"2024-02-14T17:58:56","guid":{"rendered":"https:\/\/www.todoeldia.com\/?p=72992"},"modified":"2024-02-14T14:58:57","modified_gmt":"2024-02-14T17:58:57","slug":"saenz-contra-las-cuerdas-yo-pense-que-habia-pasado-la-epoca-del-latigo-y-la-billetera","status":"publish","type":"post","link":"https:\/\/www.todoeldia.com\/index.php\/2024\/02\/14\/saenz-contra-las-cuerdas-yo-pense-que-habia-pasado-la-epoca-del-latigo-y-la-billetera\/","title":{"rendered":"S\u00e1enz contra las cuerdas: &#8220;Yo pens\u00e9 que hab\u00eda pasado la \u00e9poca del l\u00e1tigo y la billetera&#8221;"},"content":{"rendered":"\n<p>El gobernador de Salta, Gustavo S\u00e1enz, habl\u00f3 con Marcelo Longobardi hoy en Radio Rivadavia y fue duro con Milei por el desfinanciamiento a las provincias: &#8220;Debe entender que as\u00ed es la democracia y tiene que respetar las instituciones&#8221;.<\/p>\n\n\n\n<p>A\u00f1adi\u00f3 que &#8220;Yo pens\u00e9 que hab\u00eda pasado la \u00e9poca del l\u00e1tigo y la billetera&#8221;<\/p>\n\n\n\n<p>S\u00e1enz tambi\u00e9n est\u00e1 molesto por la ex secretaria de Miner\u00eda, la salte\u00f1a Flavia Royon que Milei termin\u00f3 rajando por los votos de los diputados de Salta en contra de la Ley Omnibus.<\/p>\n\n\n\n<p>Entre otras cosas, S\u00e1enz hizo referencia a la quita del subsidio al transporte p\u00fablico de pasajeros para el interior del pa\u00eds<\/p>\n\n\n\n<p>Advirti\u00f3 que el boleto de colectivo podr\u00eda llegar a costar mil pesos en Salta.<\/p>\n\n\n\n<p>&#8220;Me parece que es injusto porque el salte\u00f1o, el santiague\u00f1o, el catamarque\u00f1o, el cordob\u00e9s, el santafesino tiene el mismo derecho que el que vive en Capital Federal y en el conurbano a pagar el mismo boleto de colectivo&#8221;.<\/p>\n","protected":false},"excerpt":{"rendered":"<p>El gobernador de Salta, Gustavo S\u00e1enz, habl\u00f3 con Marcelo Longobardi hoy en Radio Rivadavia y fue duro con Milei por el desfinanciamiento a las provincias: &#8220;Debe entender que as\u00ed es la democracia y tiene que respetar las instituciones&#8221;. A\u00f1adi\u00f3 que &#8220;Yo pens\u00e9 que hab\u00eda pasado la \u00e9poca del l\u00e1tigo y la billetera&#8221; S\u00e1enz tambi\u00e9n est\u00e1 [&hellip;]<\/p>\n","protected":false},"author":2,"featured_media":72712,"comment_status":"open","ping_status":"open","sticky":false,"template":"","format":"standard","meta":{"tdm_status":"","tdm_grid_status":"","_joinchat":[],"footnotes":""},"categories":[59],"tags":[],"class_list":{"0":"post-72992","1":"post","2":"type-post","3":"status-publish","4":"format-standard","5":"has-post-thumbnail","7":"category-politica"},"amp_enabled":true,"_links":{"self":[{"href":"https:\/\/www.todoeldia.com\/index.php\/wp-json\/wp\/v2\/posts\/72992","targetHints":{"allow":["GET"]}}],"collection":[{"href":"https:\/\/www.todoeldia.com\/index.php\/wp-json\/wp\/v2\/posts"}],"about":[{"href":"https:\/\/www.todoeldia.com\/index.php\/wp-json\/wp\/v2\/types\/post"}],"author":[{"embeddable":true,"href":"https:\/\/www.todoeldia.com\/index.php\/wp-json\/wp\/v2\/users\/2"}],"replies":[{"embeddable":true,"href":"https:\/\/www.todoeldia.com\/index.php\/wp-json\/wp\/v2\/comments?post=72992"}],"version-history":[{"count":1,"href":"https:\/\/www.todoeldia.com\/index.php\/wp-json\/wp\/v2\/posts\/72992\/revisions"}],"predecessor-version":[{"id":72993,"href":"https:\/\/www.todoeldia.com\/index.php\/wp-json\/wp\/v2\/posts\/72992\/revisions\/72993"}],"wp:featuredmedia":[{"embeddable":true,"href":"https:\/\/www.todoeldia.com\/index.php\/wp-json\/wp\/v2\/media\/72712"}],"wp:attachment":[{"href":"https:\/\/www.todoeldia.com\/index.php\/wp-json\/wp\/v2\/media?parent=72992"}],"wp:term":[{"taxonomy":"category","embeddable":true,"href":"https:\/\/www.todoeldia.com\/index.php\/wp-json\/wp\/v2\/categories?post=72992"},{"taxonomy":"post_tag","embeddable":true,"href":"https:\/\/www.todoeldia.com\/index.php\/wp-json\/wp\/v2\/tags?post=72992"}],"curies":[{"name":"wp","href":"https:\/\/api.w.org\/{rel}","templated":true}]}}