{"id":73006,"date":"2024-02-14T15:59:38","date_gmt":"2024-02-14T18:59:38","guid":{"rendered":"https:\/\/www.todoeldia.com\/?p=73006"},"modified":"2024-02-14T15:59:39","modified_gmt":"2024-02-14T18:59:39","slug":"duro-ida-y-vuelta-entre-cristina-kirchner-y-caputo-de-funcionario-fracasado-a-siga-en-su-mundo-paralelo","status":"publish","type":"post","link":"https:\/\/www.todoeldia.com\/index.php\/2024\/02\/14\/duro-ida-y-vuelta-entre-cristina-kirchner-y-caputo-de-funcionario-fracasado-a-siga-en-su-mundo-paralelo\/","title":{"rendered":"Duro ida y vuelta entre Cristina Kirchner y Caputo: de \u201cfuncionario fracasado\u201d a \u201csiga en su mundo paralelo\u201d"},"content":{"rendered":"\n<p>Tras publicar un informe contra el Gobierno, la expresidenta volvi\u00f3 a usar las redes sociales para contestarle al ministro de Econom\u00eda. \u201cLa invito a tener un poco de dignidad y permanecer callada\u201d, le hab\u00eda sugerido el titular del Palacio de Hacienda.<\/p>\n\n\n\n<p>La ex vicepresidenta Cristina Kirchner volvi\u00f3 a responderle al ministro de Econom\u00eda, Luis Caputo, luego de que el funcionario oficialista saliera al cruce por un informe que la l\u00edder de Uni\u00f3n por la Patria hab\u00eda publicado este mi\u00e9rcoles con fuertes cr\u00edticas hacia el Gobierno.<\/p>\n\n\n\n<p>\u201cBuen d\u00eda se\u00f1or Ministro. No es el primero de su familia que intenta hacerme callar. Solo en un pa\u00eds con este Poder Judicial usted puede volver a ser funcionario p\u00fablico\u201d, escribi\u00f3 Cristina Kirchner en su cuenta oficial de la red social X (exTwitter).<\/p>\n\n\n\n<p>La respuesta del ministro de Econom\u00eda no se hizo esperar y lleg\u00f3 por la misma red social. Con un escueto y conciso comentario, Caputo cit\u00f3 el mensaje de la expresidenta y escribi\u00f3: \u201cSiga en su mundo paralelo se\u00f1ora\u201d.<\/p>\n\n\n\n<p>Lejos de ponerle un freno al ida y vuelta virtual, la exmandataria redobl\u00f3 la apuesta a trav\u00e9s de un retuit a una publicaci\u00f3n que realiz\u00f3 la usuaria @lucampora con fuertes cr\u00edticas al ministro e incluso con un mensaje que hab\u00eda dado el propio Javier Milei.<\/p>\n\n\n\n<p>\u201c\u201c\u00bfMundo paralelo? \u00bfCu\u00e1l? \u00bfEn el que Milei dijo que fuiste un desastre como Secretario de Finanzas de Macri? Lo que hac\u00e9s como Ministro es muy dif\u00edcil de explicar y f\u00e1cil de ense\u00f1ar. Date una vuelta por afuera del country en el que viv\u00eds, Don mundo paralelo\u201d, aseguraba el posteo.<\/p>\n\n\n\n<p>El fuerte cruce entre Cristina Kirchner y el actual ministro de Econom\u00eda se dio luego de que la expresidenta publicara un documento de 33 p\u00e1ginas con fuertes cr\u00edticas hacia el Gobierno en general y hacia Caputo en particular.<\/p>\n\n\n\n<p>El titular del Palacio de Hacienda, en un primer momento, le respondi\u00f3 con una pol\u00e9mica sugerencia: \u201cLa invito a tener un poco de dignidad y permanecer callada\u201d.<\/p>\n\n\n\n<p>\u201cSe\u00f1ora, nunca es tarde para aprender un concepto econ\u00f3mico muy b\u00e1sico y que lamentablemente usted siempre ignor\u00f3: deuda solo se toma cuando hay d\u00e9ficit fiscal. Todo el d\u00e9ficit fiscal de los \u00faltimos 16 a\u00f1os lo gener\u00f3 usted en sus 12 a\u00f1os de gobierno, 8 como presidente y 4 como vicepresidente\u201d, plante\u00f3 el titular de la cartera econ\u00f3mica.<\/p>\n\n\n\n<p>En esa misma publicaci\u00f3n, el funcionario sostuvo que Mauricio Macri \u201clogr\u00f3 reducir ese d\u00e9ficit durante su mandato\u201d y que Javier Milei \u201cdirectamente lo elimin\u00f3 en un mes\u201d. A la vez, la responsabiliz\u00f3 por \u201cla deuda que se gener\u00f3 en los \u00faltimos 16 a\u00f1os\u201d y dijo que fue \u201cconsecuencia de sus pol\u00edticas econ\u00f3micas\u201d.<\/p>\n\n\n\n<p>\u201cLa invito a tener un poco de dignidad y permanecer callada mientras los argentinos de bien hacen el enorme esfuerzo de soportar y superar el desastre econ\u00f3mico de sus \u00faltimos 4 a\u00f1os de gobierno, sin duda el peor de la historia argentina\u201d, fue el cierre de la respuesta del ministro.<\/p>\n","protected":false},"excerpt":{"rendered":"<p>Tras publicar un informe contra el Gobierno, la expresidenta volvi\u00f3 a usar las redes sociales para contestarle al ministro de Econom\u00eda. \u201cLa invito a tener un poco de dignidad y permanecer callada\u201d, le hab\u00eda sugerido el titular del Palacio de Hacienda. La ex vicepresidenta Cristina Kirchner volvi\u00f3 a responderle al ministro de Econom\u00eda, Luis Caputo, [&hellip;]<\/p>\n","protected":false},"author":2,"featured_media":73007,"comment_status":"open","ping_status":"open","sticky":false,"template":"","format":"standard","meta":{"tdm_status":"","tdm_grid_status":"","_joinchat":[],"footnotes":""},"categories":[59],"tags":[],"class_list":{"0":"post-73006","1":"post","2":"type-post","3":"status-publish","4":"format-standard","5":"has-post-thumbnail","7":"category-politica"},"amp_enabled":true,"_links":{"self":[{"href":"https:\/\/www.todoeldia.com\/index.php\/wp-json\/wp\/v2\/posts\/73006","targetHints":{"allow":["GET"]}}],"collection":[{"href":"https:\/\/www.todoeldia.com\/index.php\/wp-json\/wp\/v2\/posts"}],"about":[{"href":"https:\/\/www.todoeldia.com\/index.php\/wp-json\/wp\/v2\/types\/post"}],"author":[{"embeddable":true,"href":"https:\/\/www.todoeldia.com\/index.php\/wp-json\/wp\/v2\/users\/2"}],"replies":[{"embeddable":true,"href":"https:\/\/www.todoeldia.com\/index.php\/wp-json\/wp\/v2\/comments?post=73006"}],"version-history":[{"count":1,"href":"https:\/\/www.todoeldia.com\/index.php\/wp-json\/wp\/v2\/posts\/73006\/revisions"}],"predecessor-version":[{"id":73008,"href":"https:\/\/www.todoeldia.com\/index.php\/wp-json\/wp\/v2\/posts\/73006\/revisions\/73008"}],"wp:featuredmedia":[{"embeddable":true,"href":"https:\/\/www.todoeldia.com\/index.php\/wp-json\/wp\/v2\/media\/73007"}],"wp:attachment":[{"href":"https:\/\/www.todoeldia.com\/index.php\/wp-json\/wp\/v2\/media?parent=73006"}],"wp:term":[{"taxonomy":"category","embeddable":true,"href":"https:\/\/www.todoeldia.com\/index.php\/wp-json\/wp\/v2\/categories?post=73006"},{"taxonomy":"post_tag","embeddable":true,"href":"https:\/\/www.todoeldia.com\/index.php\/wp-json\/wp\/v2\/tags?post=73006"}],"curies":[{"name":"wp","href":"https:\/\/api.w.org\/{rel}","templated":true}]}}