{"id":73032,"date":"2024-02-15T00:04:27","date_gmt":"2024-02-15T03:04:27","guid":{"rendered":"https:\/\/www.todoeldia.com\/?p=73032"},"modified":"2024-02-15T00:04:28","modified_gmt":"2024-02-15T03:04:28","slug":"mientras-milei-lo-trata-de-traidores-a-los-gobernadores-de-cordoba-y-salta-saenz-le-pidio-que-no-jodan-con-la-gente","status":"publish","type":"post","link":"https:\/\/www.todoeldia.com\/index.php\/2024\/02\/15\/mientras-milei-lo-trata-de-traidores-a-los-gobernadores-de-cordoba-y-salta-saenz-le-pidio-que-no-jodan-con-la-gente\/","title":{"rendered":"Mientras Milei lo trata de traidores a los gobernadores de C\u00f3rdoba y Salta, S\u00e1enz le pidi\u00f3 que \u201cno jodan con la gente\u201d"},"content":{"rendered":"\n<p>El salte\u00f1o Gustavo S\u00e1enz se refiri\u00f3 al corte de las transferencias a las provincias y dijo que los votantes de Milei se \u201cest\u00e1n dando con la realidad\u201d de que el ajuste no lo est\u00e1 pagando \u201cla casta\u201d, por lo que le pidi\u00f3 al Presidente que \u201cno jodan con la gente\u201d.<\/p>\n\n\n\n<p>Este cruce se da luego de que Milei echara al titular del Anses propuesto por el gobernador de C\u00f3rdoba y a la salte\u00f1a Flavia Royon como secretaria de Miner\u00eda, y calificara a algunos como \u201ctraidores\u201d.<\/p>\n\n\n\n<p>Mientras tanto el ministro del Interior Guillermo Francos, advirti\u00f3 a los gobernadores que deber\u00e1n arreglarse con sus propios recursos.<\/p>\n\n\n\n<p>Dijo que \u201cTienen que ajustar las cuentas y manejarse con lo que hay\u201d<\/p>\n\n\n\n<p>El ministro del Interior volvi\u00f3 a marcar diferencias con las provincias, tras el quiebre del di\u00e1logo por el fracaso de la Ley \u00d3mnibus en el Congreso.<\/p>\n","protected":false},"excerpt":{"rendered":"<p>El salte\u00f1o Gustavo S\u00e1enz se refiri\u00f3 al corte de las transferencias a las provincias y dijo que los votantes de Milei se \u201cest\u00e1n dando con la realidad\u201d de que el ajuste no lo est\u00e1 pagando \u201cla casta\u201d, por lo que le pidi\u00f3 al Presidente que \u201cno jodan con la gente\u201d. Este cruce se da luego [&hellip;]<\/p>\n","protected":false},"author":2,"featured_media":73033,"comment_status":"open","ping_status":"open","sticky":false,"template":"","format":"standard","meta":{"tdm_status":"","tdm_grid_status":"","_joinchat":[],"footnotes":""},"categories":[59],"tags":[],"class_list":{"0":"post-73032","1":"post","2":"type-post","3":"status-publish","4":"format-standard","5":"has-post-thumbnail","7":"category-politica"},"amp_enabled":true,"_links":{"self":[{"href":"https:\/\/www.todoeldia.com\/index.php\/wp-json\/wp\/v2\/posts\/73032","targetHints":{"allow":["GET"]}}],"collection":[{"href":"https:\/\/www.todoeldia.com\/index.php\/wp-json\/wp\/v2\/posts"}],"about":[{"href":"https:\/\/www.todoeldia.com\/index.php\/wp-json\/wp\/v2\/types\/post"}],"author":[{"embeddable":true,"href":"https:\/\/www.todoeldia.com\/index.php\/wp-json\/wp\/v2\/users\/2"}],"replies":[{"embeddable":true,"href":"https:\/\/www.todoeldia.com\/index.php\/wp-json\/wp\/v2\/comments?post=73032"}],"version-history":[{"count":1,"href":"https:\/\/www.todoeldia.com\/index.php\/wp-json\/wp\/v2\/posts\/73032\/revisions"}],"predecessor-version":[{"id":73034,"href":"https:\/\/www.todoeldia.com\/index.php\/wp-json\/wp\/v2\/posts\/73032\/revisions\/73034"}],"wp:featuredmedia":[{"embeddable":true,"href":"https:\/\/www.todoeldia.com\/index.php\/wp-json\/wp\/v2\/media\/73033"}],"wp:attachment":[{"href":"https:\/\/www.todoeldia.com\/index.php\/wp-json\/wp\/v2\/media?parent=73032"}],"wp:term":[{"taxonomy":"category","embeddable":true,"href":"https:\/\/www.todoeldia.com\/index.php\/wp-json\/wp\/v2\/categories?post=73032"},{"taxonomy":"post_tag","embeddable":true,"href":"https:\/\/www.todoeldia.com\/index.php\/wp-json\/wp\/v2\/tags?post=73032"}],"curies":[{"name":"wp","href":"https:\/\/api.w.org\/{rel}","templated":true}]}}