{"id":73056,"date":"2024-02-15T12:05:01","date_gmt":"2024-02-15T15:05:01","guid":{"rendered":"https:\/\/www.todoeldia.com\/?p=73056"},"modified":"2024-02-15T12:05:02","modified_gmt":"2024-02-15T15:05:02","slug":"a-pesar-de-que-se-congelaron-las-contrataciones-por-falta-de-fondos-el-gobierno-de-salta-sigue-designando-personal","status":"publish","type":"post","link":"https:\/\/www.todoeldia.com\/index.php\/2024\/02\/15\/a-pesar-de-que-se-congelaron-las-contrataciones-por-falta-de-fondos-el-gobierno-de-salta-sigue-designando-personal\/","title":{"rendered":"A pesar de que se congelaron las contrataciones por falta de fondos, el gobierno de Salta sigue designando personal"},"content":{"rendered":"\n<p>A pesar de lo expresado en el Decreto 45\/25 firmado por S\u00e1enz que establece que por 180 se congelaron las vacantes y contrataciones en los organismos del estado, en el Bolet\u00edn Oficial comienzan a aparecer contrataciones y designaciones de personal en distintas \u00e1reas.<\/p>\n\n\n\n<p>La Decisi\u00f3n Administrativa 63\/24 del Ministerio de Producci\u00f3n y Desarrollo Sustentable contrata 21 personas para que cumplan funciones en la Secretar\u00eda de Miner\u00eda y Energ\u00eda.<\/p>\n\n\n\n<figure class=\"wp-block-image size-full is-resized\"><img loading=\"lazy\" decoding=\"async\" width=\"636\" height=\"542\" src=\"https:\/\/www.todoeldia.com\/wp-content\/uploads\/2024\/02\/designaciones-en-mineria.jpg\" alt=\"\" class=\"wp-image-73057\" style=\"width:1068px;height:auto\" srcset=\"https:\/\/www.todoeldia.com\/wp-content\/uploads\/2024\/02\/designaciones-en-mineria.jpg 636w, https:\/\/www.todoeldia.com\/wp-content\/uploads\/2024\/02\/designaciones-en-mineria-300x256.jpg 300w, https:\/\/www.todoeldia.com\/wp-content\/uploads\/2024\/02\/designaciones-en-mineria-493x420.jpg 493w\" sizes=\"auto, (max-width: 636px) 100vw, 636px\" \/><\/figure>\n\n\n\n<p>La Decisi\u00f3n Administrativa N\u00b0 35\/24 de la Coordinaci\u00f3n Administrativa de la Gobernaci\u00f3n contrata personal para que trabaje junto al nuevo Ministro de Desarrollo Social, Mario Mimessi y entre ellos figuran varios empleados que se desempe\u00f1aban en la Municipalidad de Tartagal.<\/p>\n\n\n\n<figure class=\"wp-block-image size-full is-resized\"><img loading=\"lazy\" decoding=\"async\" width=\"678\" height=\"547\" src=\"https:\/\/www.todoeldia.com\/wp-content\/uploads\/2024\/02\/designaciones-de-mimessi.jpg\" alt=\"\" class=\"wp-image-73058\" style=\"width:1069px;height:auto\" srcset=\"https:\/\/www.todoeldia.com\/wp-content\/uploads\/2024\/02\/designaciones-de-mimessi.jpg 678w, https:\/\/www.todoeldia.com\/wp-content\/uploads\/2024\/02\/designaciones-de-mimessi-300x242.jpg 300w, https:\/\/www.todoeldia.com\/wp-content\/uploads\/2024\/02\/designaciones-de-mimessi-521x420.jpg 521w\" sizes=\"auto, (max-width: 678px) 100vw, 678px\" \/><\/figure>\n\n\n\n<p>Fueron designados como Personal de Apoyo, con el nivel que en cada caso se indica, a partir del 1 de enero de 2024 y hasta el 31 de diciembre de 2024 como figuran en el Anexo.<\/p>\n","protected":false},"excerpt":{"rendered":"<p>A pesar de lo expresado en el Decreto 45\/25 firmado por S\u00e1enz que establece que por 180 se congelaron las vacantes y contrataciones en los organismos del estado, en el Bolet\u00edn Oficial comienzan a aparecer contrataciones y designaciones de personal en distintas \u00e1reas. La Decisi\u00f3n Administrativa 63\/24 del Ministerio de Producci\u00f3n y Desarrollo Sustentable contrata [&hellip;]<\/p>\n","protected":false},"author":2,"featured_media":73059,"comment_status":"open","ping_status":"open","sticky":false,"template":"","format":"standard","meta":{"tdm_status":"","tdm_grid_status":"","_joinchat":[],"footnotes":""},"categories":[60],"tags":[],"class_list":{"0":"post-73056","1":"post","2":"type-post","3":"status-publish","4":"format-standard","5":"has-post-thumbnail","7":"category-economia"},"amp_enabled":true,"_links":{"self":[{"href":"https:\/\/www.todoeldia.com\/index.php\/wp-json\/wp\/v2\/posts\/73056","targetHints":{"allow":["GET"]}}],"collection":[{"href":"https:\/\/www.todoeldia.com\/index.php\/wp-json\/wp\/v2\/posts"}],"about":[{"href":"https:\/\/www.todoeldia.com\/index.php\/wp-json\/wp\/v2\/types\/post"}],"author":[{"embeddable":true,"href":"https:\/\/www.todoeldia.com\/index.php\/wp-json\/wp\/v2\/users\/2"}],"replies":[{"embeddable":true,"href":"https:\/\/www.todoeldia.com\/index.php\/wp-json\/wp\/v2\/comments?post=73056"}],"version-history":[{"count":1,"href":"https:\/\/www.todoeldia.com\/index.php\/wp-json\/wp\/v2\/posts\/73056\/revisions"}],"predecessor-version":[{"id":73060,"href":"https:\/\/www.todoeldia.com\/index.php\/wp-json\/wp\/v2\/posts\/73056\/revisions\/73060"}],"wp:featuredmedia":[{"embeddable":true,"href":"https:\/\/www.todoeldia.com\/index.php\/wp-json\/wp\/v2\/media\/73059"}],"wp:attachment":[{"href":"https:\/\/www.todoeldia.com\/index.php\/wp-json\/wp\/v2\/media?parent=73056"}],"wp:term":[{"taxonomy":"category","embeddable":true,"href":"https:\/\/www.todoeldia.com\/index.php\/wp-json\/wp\/v2\/categories?post=73056"},{"taxonomy":"post_tag","embeddable":true,"href":"https:\/\/www.todoeldia.com\/index.php\/wp-json\/wp\/v2\/tags?post=73056"}],"curies":[{"name":"wp","href":"https:\/\/api.w.org\/{rel}","templated":true}]}}