{"id":73067,"date":"2024-02-15T12:43:58","date_gmt":"2024-02-15T15:43:58","guid":{"rendered":"https:\/\/www.todoeldia.com\/?p=73067"},"modified":"2024-02-15T13:06:17","modified_gmt":"2024-02-15T16:06:17","slug":"javier-milei-evito-disculparse-con-martin-llaryora-que-lo-resuelva-en-el-psicologo","status":"publish","type":"post","link":"https:\/\/www.todoeldia.com\/index.php\/2024\/02\/15\/javier-milei-evito-disculparse-con-martin-llaryora-que-lo-resuelva-en-el-psicologo\/","title":{"rendered":"Javier Milei evit\u00f3 disculparse con Mart\u00edn Llaryora: \u201cQue lo resuelva en el psic\u00f3logo\u201d"},"content":{"rendered":"\n<p>El Presidente tambi\u00e9n consider\u00f3 que son los gobernadores los que tienen \u201cla responsabilidad\u201d de la educaci\u00f3n. \u201cQue dejen de hacer recitales a beneficio y paguen a los docentes\u201d. Tambi\u00e9n justific\u00f3 haber echado a Osvaldo Giordano por el voto de su esposa: \u201cDuerme con el enemigo\u201d.<\/p>\n\n\n\n<p>El presidente Javier Milei dijo este jueves que no tiene que pedirle disculpas al gobernador de C\u00f3rdoba, Mart\u00edn Llaryora, y afirm\u00f3 que el alejamiento de Osvaldo Giordano del Anses se debi\u00f3 a que \u201cest\u00e1 durmiendo con el enemigo\u201d, en referencia a la pareja del exfuncionario, la diputada Alejandra Torres, que no apoy\u00f3 un art\u00edculo de la ley \u201cBases\u201d en la C\u00e1mara de Diputados.<\/p>\n\n\n\n<p>\u201cYo no tengo que pedirle disculpas por nada. No estoy en pol\u00edtica para resolver problemas psicol\u00f3gicos\u201d, recalc\u00f3 Milei.<\/p>\n\n\n\n<p>El Presidente dijo adem\u00e1s que, como la Argentina \u201ces un pa\u00eds federal, la responsabilidad de la educaci\u00f3n es de los gobernadores\u201d y, por ello, el Fondo de Incentivo Docente \u201clo tienen que pagar de la propia (plata)\u201d. Nuevamente volvi\u00f3 a cargar contra los mandatarios provinciales y le apunt\u00f3 especialmente a Mart\u00edn Llaryora, a quien lo mand\u00f3 al psic\u00f3logo. \u201cQue dejen de hacer recitales a beneficio y paguen a los docentes, en lugar de estar contratando artistas para hacer publicidad pol\u00edtica\u201d, insisti\u00f3 Milei en una entrevista con radio La Red.<\/p>\n","protected":false},"excerpt":{"rendered":"<p>El Presidente tambi\u00e9n consider\u00f3 que son los gobernadores los que tienen \u201cla responsabilidad\u201d de la educaci\u00f3n. \u201cQue dejen de hacer recitales a beneficio y paguen a los docentes\u201d. Tambi\u00e9n justific\u00f3 haber echado a Osvaldo Giordano por el voto de su esposa: \u201cDuerme con el enemigo\u201d. El presidente Javier Milei dijo este jueves que no tiene [&hellip;]<\/p>\n","protected":false},"author":2,"featured_media":73068,"comment_status":"open","ping_status":"open","sticky":false,"template":"","format":"standard","meta":{"tdm_status":"","tdm_grid_status":"","_joinchat":[],"footnotes":""},"categories":[59],"tags":[],"class_list":{"0":"post-73067","1":"post","2":"type-post","3":"status-publish","4":"format-standard","5":"has-post-thumbnail","7":"category-politica"},"amp_enabled":true,"_links":{"self":[{"href":"https:\/\/www.todoeldia.com\/index.php\/wp-json\/wp\/v2\/posts\/73067","targetHints":{"allow":["GET"]}}],"collection":[{"href":"https:\/\/www.todoeldia.com\/index.php\/wp-json\/wp\/v2\/posts"}],"about":[{"href":"https:\/\/www.todoeldia.com\/index.php\/wp-json\/wp\/v2\/types\/post"}],"author":[{"embeddable":true,"href":"https:\/\/www.todoeldia.com\/index.php\/wp-json\/wp\/v2\/users\/2"}],"replies":[{"embeddable":true,"href":"https:\/\/www.todoeldia.com\/index.php\/wp-json\/wp\/v2\/comments?post=73067"}],"version-history":[{"count":2,"href":"https:\/\/www.todoeldia.com\/index.php\/wp-json\/wp\/v2\/posts\/73067\/revisions"}],"predecessor-version":[{"id":73070,"href":"https:\/\/www.todoeldia.com\/index.php\/wp-json\/wp\/v2\/posts\/73067\/revisions\/73070"}],"wp:featuredmedia":[{"embeddable":true,"href":"https:\/\/www.todoeldia.com\/index.php\/wp-json\/wp\/v2\/media\/73068"}],"wp:attachment":[{"href":"https:\/\/www.todoeldia.com\/index.php\/wp-json\/wp\/v2\/media?parent=73067"}],"wp:term":[{"taxonomy":"category","embeddable":true,"href":"https:\/\/www.todoeldia.com\/index.php\/wp-json\/wp\/v2\/categories?post=73067"},{"taxonomy":"post_tag","embeddable":true,"href":"https:\/\/www.todoeldia.com\/index.php\/wp-json\/wp\/v2\/tags?post=73067"}],"curies":[{"name":"wp","href":"https:\/\/api.w.org\/{rel}","templated":true}]}}