{"id":73087,"date":"2024-02-15T18:21:17","date_gmt":"2024-02-15T21:21:17","guid":{"rendered":"https:\/\/www.todoeldia.com\/?p=73087"},"modified":"2024-02-15T18:21:18","modified_gmt":"2024-02-15T21:21:18","slug":"profanaron-las-tumbas-de-menem-y-su-hijo-en-el-cementerio-islamico","status":"publish","type":"post","link":"https:\/\/www.todoeldia.com\/index.php\/2024\/02\/15\/profanaron-las-tumbas-de-menem-y-su-hijo-en-el-cementerio-islamico\/","title":{"rendered":"Profanaron las tumbas de Menem y su hijo en el Cementerio Isl\u00e1mico"},"content":{"rendered":"\n<p>Se robaron 100 marcos de bronce y la bandera nacional colocada en el m\u00e1stil de la sepultura del ex presidente.<\/p>\n\n\n\n<p>Las tumbas del ex presidente Carlos Sa\u00fal Menem y su hijo Carlos Menem JR fueron profanadas y vandalizadas en el Cementerio Isl\u00e1mico de La Tablada.<\/p>\n\n\n\n<p>M\u00e1s de 100 sepulturas resultaron da\u00f1adas y fueron objeto de hurto, seg\u00fan denunci\u00f3 la Asociaci\u00f3n \u00c1rabe Argentina Isl\u00e1mica, propietaria y administradora del predio.<\/p>\n\n\n\n<figure class=\"wp-block-image size-full is-resized\"><img loading=\"lazy\" decoding=\"async\" width=\"405\" height=\"720\" src=\"https:\/\/www.todoeldia.com\/wp-content\/uploads\/2024\/02\/image-68.png\" alt=\"\" class=\"wp-image-73089\" style=\"width:1035px;height:auto\" srcset=\"https:\/\/www.todoeldia.com\/wp-content\/uploads\/2024\/02\/image-68.png 405w, https:\/\/www.todoeldia.com\/wp-content\/uploads\/2024\/02\/image-68-169x300.png 169w, https:\/\/www.todoeldia.com\/wp-content\/uploads\/2024\/02\/image-68-300x533.png 300w, https:\/\/www.todoeldia.com\/wp-content\/uploads\/2024\/02\/image-68-236x420.png 236w\" sizes=\"auto, (max-width: 405px) 100vw, 405px\" \/><\/figure>\n\n\n\n<p>Por su parte, la entidad detect\u00f3 el robo de la bandera nacional colocada en el m\u00e1stil de la tumba del ex mandatario, el hurto de 100 marcos de bronce y la destrucci\u00f3n de distintas estructuras de m\u00e1rmol de los sepulcros.<\/p>\n\n\n\n<figure class=\"wp-block-image size-full is-resized\"><img loading=\"lazy\" decoding=\"async\" width=\"405\" height=\"720\" src=\"https:\/\/www.todoeldia.com\/wp-content\/uploads\/2024\/02\/image-69.png\" alt=\"\" class=\"wp-image-73090\" style=\"width:1035px;height:auto\" srcset=\"https:\/\/www.todoeldia.com\/wp-content\/uploads\/2024\/02\/image-69.png 405w, https:\/\/www.todoeldia.com\/wp-content\/uploads\/2024\/02\/image-69-169x300.png 169w, https:\/\/www.todoeldia.com\/wp-content\/uploads\/2024\/02\/image-69-300x533.png 300w, https:\/\/www.todoeldia.com\/wp-content\/uploads\/2024\/02\/image-69-236x420.png 236w\" sizes=\"auto, (max-width: 405px) 100vw, 405px\" \/><\/figure>\n\n\n\n<p>Desde la A.A.A.I explicaron que estas agresiones no son las primeras que sufren en el cementerio y plantearon que no pueden ser tomadas a la ligera trat\u00e1ndose de un lugar de tama\u00f1a importancia espiritual y simb\u00f3lica, por lo que llaman a toda la colectividad isl\u00e1mica y a la comunidad en general a repudiar estos hechos.<\/p>\n","protected":false},"excerpt":{"rendered":"<p>Se robaron 100 marcos de bronce y la bandera nacional colocada en el m\u00e1stil de la sepultura del ex presidente. Las tumbas del ex presidente Carlos Sa\u00fal Menem y su hijo Carlos Menem JR fueron profanadas y vandalizadas en el Cementerio Isl\u00e1mico de La Tablada. M\u00e1s de 100 sepulturas resultaron da\u00f1adas y fueron objeto de [&hellip;]<\/p>\n","protected":false},"author":2,"featured_media":73088,"comment_status":"open","ping_status":"open","sticky":false,"template":"","format":"standard","meta":{"tdm_status":"","tdm_grid_status":"","_joinchat":[],"footnotes":""},"categories":[63],"tags":[],"class_list":{"0":"post-73087","1":"post","2":"type-post","3":"status-publish","4":"format-standard","5":"has-post-thumbnail","7":"category-policiales"},"amp_enabled":true,"_links":{"self":[{"href":"https:\/\/www.todoeldia.com\/index.php\/wp-json\/wp\/v2\/posts\/73087","targetHints":{"allow":["GET"]}}],"collection":[{"href":"https:\/\/www.todoeldia.com\/index.php\/wp-json\/wp\/v2\/posts"}],"about":[{"href":"https:\/\/www.todoeldia.com\/index.php\/wp-json\/wp\/v2\/types\/post"}],"author":[{"embeddable":true,"href":"https:\/\/www.todoeldia.com\/index.php\/wp-json\/wp\/v2\/users\/2"}],"replies":[{"embeddable":true,"href":"https:\/\/www.todoeldia.com\/index.php\/wp-json\/wp\/v2\/comments?post=73087"}],"version-history":[{"count":1,"href":"https:\/\/www.todoeldia.com\/index.php\/wp-json\/wp\/v2\/posts\/73087\/revisions"}],"predecessor-version":[{"id":73091,"href":"https:\/\/www.todoeldia.com\/index.php\/wp-json\/wp\/v2\/posts\/73087\/revisions\/73091"}],"wp:featuredmedia":[{"embeddable":true,"href":"https:\/\/www.todoeldia.com\/index.php\/wp-json\/wp\/v2\/media\/73088"}],"wp:attachment":[{"href":"https:\/\/www.todoeldia.com\/index.php\/wp-json\/wp\/v2\/media?parent=73087"}],"wp:term":[{"taxonomy":"category","embeddable":true,"href":"https:\/\/www.todoeldia.com\/index.php\/wp-json\/wp\/v2\/categories?post=73087"},{"taxonomy":"post_tag","embeddable":true,"href":"https:\/\/www.todoeldia.com\/index.php\/wp-json\/wp\/v2\/tags?post=73087"}],"curies":[{"name":"wp","href":"https:\/\/api.w.org\/{rel}","templated":true}]}}