{"id":73109,"date":"2024-02-15T22:11:09","date_gmt":"2024-02-16T01:11:09","guid":{"rendered":"https:\/\/www.todoeldia.com\/?p=73109"},"modified":"2024-02-15T22:16:03","modified_gmt":"2024-02-16T01:16:03","slug":"saenz-inauguro-la-circunvalacion-noroeste-planificada-en-la-gestion-de-juan-carlos-romero","status":"publish","type":"post","link":"https:\/\/www.todoeldia.com\/index.php\/2024\/02\/15\/saenz-inauguro-la-circunvalacion-noroeste-planificada-en-la-gestion-de-juan-carlos-romero\/","title":{"rendered":"Inauguraron la circunvalaci\u00f3n noroeste, planificada en la gesti\u00f3n de Juan Carlos Romero hace 20 a\u00f1os"},"content":{"rendered":"\n<p>La autopista de 5 Km se ejecut\u00f3 con fondos, empresas y mano de obra salte\u00f1a. \u201cEs un orgullo decir a los que tienen una visi\u00f3n centralista, lo que podemos hacer con nuestros recursos cuando son bien utilizados; la obra p\u00fablica dignifica\u201d, dijo el Gobernador, Gustavo Sa\u00e9nz hoy en su inauguraci\u00f3n.<\/p>\n\n\n\n<p>\u201cHoy es un d\u00eda hist\u00f3rico\u201d, manifest\u00f3 el Gobernador tras cortar las cintas para habilitar el tr\u00e1nsito en la nueva traza que tiene cinco kil\u00f3metros de longitud; dos calzadas de 7,40 metros, banquinas; cantero central con talud, desag\u00fces, iluminaci\u00f3n LED, ciclov\u00eda y se\u00f1alizaci\u00f3n horizontal y vertical.<\/p>\n\n\n\n<p>Adem\u00e1s cuenta con dos puentes para dar continuidad y paso independiente a los equipos y operaciones que se desarrollan en los campos del Ej\u00e9rcito Argentino.<\/p>\n","protected":false},"excerpt":{"rendered":"<p>La autopista de 5 Km se ejecut\u00f3 con fondos, empresas y mano de obra salte\u00f1a. \u201cEs un orgullo decir a los que tienen una visi\u00f3n centralista, lo que podemos hacer con nuestros recursos cuando son bien utilizados; la obra p\u00fablica dignifica\u201d, dijo el Gobernador, Gustavo Sa\u00e9nz hoy en su inauguraci\u00f3n. \u201cHoy es un d\u00eda hist\u00f3rico\u201d, [&hellip;]<\/p>\n","protected":false},"author":2,"featured_media":73110,"comment_status":"open","ping_status":"open","sticky":false,"template":"","format":"standard","meta":{"tdm_status":"","tdm_grid_status":"","_joinchat":[],"footnotes":""},"categories":[59],"tags":[],"class_list":{"0":"post-73109","1":"post","2":"type-post","3":"status-publish","4":"format-standard","5":"has-post-thumbnail","7":"category-politica"},"amp_enabled":true,"_links":{"self":[{"href":"https:\/\/www.todoeldia.com\/index.php\/wp-json\/wp\/v2\/posts\/73109","targetHints":{"allow":["GET"]}}],"collection":[{"href":"https:\/\/www.todoeldia.com\/index.php\/wp-json\/wp\/v2\/posts"}],"about":[{"href":"https:\/\/www.todoeldia.com\/index.php\/wp-json\/wp\/v2\/types\/post"}],"author":[{"embeddable":true,"href":"https:\/\/www.todoeldia.com\/index.php\/wp-json\/wp\/v2\/users\/2"}],"replies":[{"embeddable":true,"href":"https:\/\/www.todoeldia.com\/index.php\/wp-json\/wp\/v2\/comments?post=73109"}],"version-history":[{"count":2,"href":"https:\/\/www.todoeldia.com\/index.php\/wp-json\/wp\/v2\/posts\/73109\/revisions"}],"predecessor-version":[{"id":73115,"href":"https:\/\/www.todoeldia.com\/index.php\/wp-json\/wp\/v2\/posts\/73109\/revisions\/73115"}],"wp:featuredmedia":[{"embeddable":true,"href":"https:\/\/www.todoeldia.com\/index.php\/wp-json\/wp\/v2\/media\/73110"}],"wp:attachment":[{"href":"https:\/\/www.todoeldia.com\/index.php\/wp-json\/wp\/v2\/media?parent=73109"}],"wp:term":[{"taxonomy":"category","embeddable":true,"href":"https:\/\/www.todoeldia.com\/index.php\/wp-json\/wp\/v2\/categories?post=73109"},{"taxonomy":"post_tag","embeddable":true,"href":"https:\/\/www.todoeldia.com\/index.php\/wp-json\/wp\/v2\/tags?post=73109"}],"curies":[{"name":"wp","href":"https:\/\/api.w.org\/{rel}","templated":true}]}}