{"id":73112,"date":"2024-02-15T22:15:24","date_gmt":"2024-02-16T01:15:24","guid":{"rendered":"https:\/\/www.todoeldia.com\/?p=73112"},"modified":"2024-02-15T22:15:25","modified_gmt":"2024-02-16T01:15:25","slug":"saenz-le-contesto-a-milei-aca-no-hay-traidores-ni-mentirosos-y-no-nos-arrodillaremos-ante-nadie","status":"publish","type":"post","link":"https:\/\/www.todoeldia.com\/index.php\/2024\/02\/15\/saenz-le-contesto-a-milei-aca-no-hay-traidores-ni-mentirosos-y-no-nos-arrodillaremos-ante-nadie\/","title":{"rendered":"S\u00e1enz le contesto a Milei: \u201cac\u00e1 no hay traidores ni mentirosos y no nos arrodillaremos ante nadie\u201d"},"content":{"rendered":"\n<p>A aquellos \u201cque piensan que la Argentina comienza y termina en la General Paz\u201d, S\u00e1enz advirti\u00f3: \u201cVamos a pelear por los derechos de los salte\u00f1os; ac\u00e1 hay un gigante dormido que se est\u00e1 comenzando a despertar y se va a poner de pie, no de rodillas, nunca\u201d. Y a que los que viven en Capital Federal les dijo: \u201csalgan de sus escritorios y vengan a conocer las necesidades del Norte de la Patria\u201d.<\/p>\n\n\n\n<p>Dirigi\u00e9ndose al presidente Javier Milei consider\u00f3 que \u201ctiene la oportunidad hist\u00f3rica de que haya argentinos iguales, con las mismas oportunidades; no de primera y de segunda\u201d.<\/p>\n\n\n\n<p>En esta l\u00ednea pregunt\u00f3: \u201c\u00bfC\u00f3mo van a venir las industrias a instalarse ac\u00e1 si no les damos las mismas posibilidades que en el centro del pa\u00eds?\u201d. As\u00ed se refiri\u00f3 a que en el interior se paga tres veces m\u00e1s el boleto de colectivo, el gas, la electricidad, adem\u00e1s de falta de rutas y conectividad.<\/p>\n\n\n\n<p>\u201cNo es culpa nuestra vivir a 1600 kil\u00f3metros de Capital\u201d, se\u00f1al\u00f3 y puntualiz\u00f3 que desde donde naci\u00f3 la Patria con el General G\u00fcemes y sus gauchos \u201cseguiremos con esa lucha que nos dio una Naci\u00f3n libre, soberana, justa y sobre todo federal. No nos arrodillaremos ante nadie\u201d.<\/p>\n\n\n\n<p>Y continu\u00f3: \u201cAc\u00e1 no hay traidores ni mentirosos, sino gente de bien que est\u00e1n pagando el ajuste, las consecuencias de los que se enriquecieron y se llevaron la plata a otro lado. Pers\u00edganlos a ellos porque los que la est\u00e1n pasando mal son los jubilados\u201d.<\/p>\n","protected":false},"excerpt":{"rendered":"<p>A aquellos \u201cque piensan que la Argentina comienza y termina en la General Paz\u201d, S\u00e1enz advirti\u00f3: \u201cVamos a pelear por los derechos de los salte\u00f1os; ac\u00e1 hay un gigante dormido que se est\u00e1 comenzando a despertar y se va a poner de pie, no de rodillas, nunca\u201d. Y a que los que viven en Capital [&hellip;]<\/p>\n","protected":false},"author":2,"featured_media":73113,"comment_status":"open","ping_status":"open","sticky":false,"template":"","format":"standard","meta":{"tdm_status":"","tdm_grid_status":"","_joinchat":[],"footnotes":""},"categories":[59],"tags":[],"class_list":{"0":"post-73112","1":"post","2":"type-post","3":"status-publish","4":"format-standard","5":"has-post-thumbnail","7":"category-politica"},"amp_enabled":true,"_links":{"self":[{"href":"https:\/\/www.todoeldia.com\/index.php\/wp-json\/wp\/v2\/posts\/73112","targetHints":{"allow":["GET"]}}],"collection":[{"href":"https:\/\/www.todoeldia.com\/index.php\/wp-json\/wp\/v2\/posts"}],"about":[{"href":"https:\/\/www.todoeldia.com\/index.php\/wp-json\/wp\/v2\/types\/post"}],"author":[{"embeddable":true,"href":"https:\/\/www.todoeldia.com\/index.php\/wp-json\/wp\/v2\/users\/2"}],"replies":[{"embeddable":true,"href":"https:\/\/www.todoeldia.com\/index.php\/wp-json\/wp\/v2\/comments?post=73112"}],"version-history":[{"count":1,"href":"https:\/\/www.todoeldia.com\/index.php\/wp-json\/wp\/v2\/posts\/73112\/revisions"}],"predecessor-version":[{"id":73114,"href":"https:\/\/www.todoeldia.com\/index.php\/wp-json\/wp\/v2\/posts\/73112\/revisions\/73114"}],"wp:featuredmedia":[{"embeddable":true,"href":"https:\/\/www.todoeldia.com\/index.php\/wp-json\/wp\/v2\/media\/73113"}],"wp:attachment":[{"href":"https:\/\/www.todoeldia.com\/index.php\/wp-json\/wp\/v2\/media?parent=73112"}],"wp:term":[{"taxonomy":"category","embeddable":true,"href":"https:\/\/www.todoeldia.com\/index.php\/wp-json\/wp\/v2\/categories?post=73112"},{"taxonomy":"post_tag","embeddable":true,"href":"https:\/\/www.todoeldia.com\/index.php\/wp-json\/wp\/v2\/tags?post=73112"}],"curies":[{"name":"wp","href":"https:\/\/api.w.org\/{rel}","templated":true}]}}