{"id":73125,"date":"2024-02-15T23:34:16","date_gmt":"2024-02-16T02:34:16","guid":{"rendered":"https:\/\/www.todoeldia.com\/?p=73125"},"modified":"2024-02-15T23:34:17","modified_gmt":"2024-02-16T02:34:17","slug":"tragedia-en-corrientes-una-familia-entera-murio-tras-chocar-de-frente-con-un-camion-en-la-ruta","status":"publish","type":"post","link":"https:\/\/www.todoeldia.com\/index.php\/2024\/02\/15\/tragedia-en-corrientes-una-familia-entera-murio-tras-chocar-de-frente-con-un-camion-en-la-ruta\/","title":{"rendered":"Tragedia en Corrientes: una familia entera muri\u00f3 tras chocar de frente con un cami\u00f3n en la ruta"},"content":{"rendered":"\n<p>Ocurri\u00f3 durante la ma\u00f1ana del jueves sobre la Ruta Nacional 14, cerca de La Cruz. Las v\u00edctimas (dos adultos y tres menores) eran de la Provincia de Buenos Aires.<\/p>\n\n\n\n<p>Un tr\u00e1gico episodio conmocion\u00f3 a la provincia de Corrientes luego de que cinco integrantes de una familia murieron en un siniestro vial, protagonizado por un auto y un cami\u00f3n en la Ruta Nacional N\u00b0 14.<\/p>\n\n\n\n<figure class=\"wp-block-image size-large\"><img loading=\"lazy\" decoding=\"async\" width=\"1024\" height=\"576\" src=\"https:\/\/www.todoeldia.com\/wp-content\/uploads\/2024\/02\/image-72-1024x576.png\" alt=\"\" class=\"wp-image-73127\" srcset=\"https:\/\/www.todoeldia.com\/wp-content\/uploads\/2024\/02\/image-72-1024x576.png 1024w, https:\/\/www.todoeldia.com\/wp-content\/uploads\/2024\/02\/image-72-300x169.png 300w, https:\/\/www.todoeldia.com\/wp-content\/uploads\/2024\/02\/image-72-768x432.png 768w, https:\/\/www.todoeldia.com\/wp-content\/uploads\/2024\/02\/image-72-696x392.png 696w, https:\/\/www.todoeldia.com\/wp-content\/uploads\/2024\/02\/image-72-1068x601.png 1068w, https:\/\/www.todoeldia.com\/wp-content\/uploads\/2024\/02\/image-72-747x420.png 747w, https:\/\/www.todoeldia.com\/wp-content\/uploads\/2024\/02\/image-72.png 1440w\" sizes=\"auto, (max-width: 1024px) 100vw, 1024px\" \/><\/figure>\n\n\n\n<p>El hecho ocurri\u00f3 esta ma\u00f1ana en cercan\u00edas de La Cruz, localidad ubicada 430 kil\u00f3metros de la capital provincial. La Polic\u00eda precis\u00f3 que el impacto se registr\u00f3 precisamente a las 8.30 y que los peritos a\u00fan trabajaban en el lugar.<\/p>\n\n\n\n<p>Los primeros detalles aportados por las autoridades permitieron saber que el choque se dio en el kil\u00f3metro 576 de la traza y que a\u00fan no se pudo establecer cu\u00e1l fue la causa que origin\u00f3 la colisi\u00f3n entre el veh\u00edculo y el cami\u00f3n.<\/p>\n\n\n\n<p>El choque se produjo en una recta, a plena luz del d\u00eda y con buenas condiciones clim\u00e1ticas, determinaron fuentes de la investigaci\u00f3n. El siniestro involucr\u00f3 a un cami\u00f3n del Correo Argentino y a un autom\u00f3vil Peugeot 307, en el que viajaban cinco personas -dos mayores y tres menores de edad- integrantes de una misma familia, quienes murieron en el lugar.<\/p>\n","protected":false},"excerpt":{"rendered":"<p>Ocurri\u00f3 durante la ma\u00f1ana del jueves sobre la Ruta Nacional 14, cerca de La Cruz. Las v\u00edctimas (dos adultos y tres menores) eran de la Provincia de Buenos Aires. Un tr\u00e1gico episodio conmocion\u00f3 a la provincia de Corrientes luego de que cinco integrantes de una familia murieron en un siniestro vial, protagonizado por un auto [&hellip;]<\/p>\n","protected":false},"author":2,"featured_media":73126,"comment_status":"open","ping_status":"open","sticky":false,"template":"","format":"standard","meta":{"tdm_status":"","tdm_grid_status":"","_joinchat":[],"footnotes":""},"categories":[63],"tags":[],"class_list":{"0":"post-73125","1":"post","2":"type-post","3":"status-publish","4":"format-standard","5":"has-post-thumbnail","7":"category-policiales"},"amp_enabled":true,"_links":{"self":[{"href":"https:\/\/www.todoeldia.com\/index.php\/wp-json\/wp\/v2\/posts\/73125","targetHints":{"allow":["GET"]}}],"collection":[{"href":"https:\/\/www.todoeldia.com\/index.php\/wp-json\/wp\/v2\/posts"}],"about":[{"href":"https:\/\/www.todoeldia.com\/index.php\/wp-json\/wp\/v2\/types\/post"}],"author":[{"embeddable":true,"href":"https:\/\/www.todoeldia.com\/index.php\/wp-json\/wp\/v2\/users\/2"}],"replies":[{"embeddable":true,"href":"https:\/\/www.todoeldia.com\/index.php\/wp-json\/wp\/v2\/comments?post=73125"}],"version-history":[{"count":1,"href":"https:\/\/www.todoeldia.com\/index.php\/wp-json\/wp\/v2\/posts\/73125\/revisions"}],"predecessor-version":[{"id":73128,"href":"https:\/\/www.todoeldia.com\/index.php\/wp-json\/wp\/v2\/posts\/73125\/revisions\/73128"}],"wp:featuredmedia":[{"embeddable":true,"href":"https:\/\/www.todoeldia.com\/index.php\/wp-json\/wp\/v2\/media\/73126"}],"wp:attachment":[{"href":"https:\/\/www.todoeldia.com\/index.php\/wp-json\/wp\/v2\/media?parent=73125"}],"wp:term":[{"taxonomy":"category","embeddable":true,"href":"https:\/\/www.todoeldia.com\/index.php\/wp-json\/wp\/v2\/categories?post=73125"},{"taxonomy":"post_tag","embeddable":true,"href":"https:\/\/www.todoeldia.com\/index.php\/wp-json\/wp\/v2\/tags?post=73125"}],"curies":[{"name":"wp","href":"https:\/\/api.w.org\/{rel}","templated":true}]}}