{"id":73139,"date":"2024-02-16T14:19:22","date_gmt":"2024-02-16T17:19:22","guid":{"rendered":"https:\/\/www.todoeldia.com\/?p=73139"},"modified":"2024-02-16T14:19:23","modified_gmt":"2024-02-16T17:19:23","slug":"suspendieron-al-juez-edgardo-laurenci-involucrado-en-la-fuga-del-sicario-lino-moreno","status":"publish","type":"post","link":"https:\/\/www.todoeldia.com\/index.php\/2024\/02\/16\/suspendieron-al-juez-edgardo-laurenci-involucrado-en-la-fuga-del-sicario-lino-moreno\/","title":{"rendered":"Suspendieron al Juez Edgardo Laurenci involucrado en la fuga del sicario Lino Moreno"},"content":{"rendered":"\n<p>El Jurado de Enjuiciamiento resolvi\u00f3 suspender al Juez de la Sala I del Tribunal de Juicio del Distrito Judicial Or\u00e1n, Edgardo Osvaldo Laurenci, trabar embargo sobre un porcentaje de sus haberes y abrir la causa a prueba por el t\u00e9rmino de veinte d\u00edas.<\/p>\n\n\n\n<p>El magistrado est\u00e1 involucrado en irregularidades relacionadas a la fuga del sicario Lino Moreno, condenado por el crimen de Liliana Ledesma.<\/p>\n\n\n\n<figure class=\"wp-block-image size-full is-resized\"><img loading=\"lazy\" decoding=\"async\" width=\"686\" height=\"600\" src=\"https:\/\/www.todoeldia.com\/wp-content\/uploads\/2024\/02\/lino-moreno.jpg\" alt=\"\" class=\"wp-image-73141\" style=\"width:1068px;height:auto\" srcset=\"https:\/\/www.todoeldia.com\/wp-content\/uploads\/2024\/02\/lino-moreno.jpg 686w, https:\/\/www.todoeldia.com\/wp-content\/uploads\/2024\/02\/lino-moreno-300x262.jpg 300w, https:\/\/www.todoeldia.com\/wp-content\/uploads\/2024\/02\/lino-moreno-480x420.jpg 480w\" sizes=\"auto, (max-width: 686px) 100vw, 686px\" \/><\/figure>\n\n\n\n<p><strong>Lino Moreno el sicario pr\u00f3fugo<\/strong><\/p>\n\n\n\n<p>Moreno, quien cumpl\u00eda una condena perpetua que el Tribunal de Juicio de Or\u00e1n le impuso en 2010 por su participaci\u00f3n en el asesinato de la peque\u00f1a productora rural Liliana Ledesma (ocurrido el 21 de septiembre de 2006), recibi\u00f3 el beneficio de una salida transitoria el 18 de junio del 2023, ocasi\u00f3n en la que aprovech\u00f3 para fugarse. Hasta el d\u00eda de hoy, el sicario no fue recapturado.<\/p>\n\n\n\n<p>Ante ello, el 28 de septiembre del 2023, el Procurador General de la Provincia, Pedro Garc\u00eda Castiella, acus\u00f3 a Laurenci ante el Tribunal de Enjuiciamiento de Magistrados por considerar que su actuar constituy\u00f3 mal desempe\u00f1o e incumpli\u00f3 sus deberes como juez.<\/p>\n\n\n\n<p>La fuga de Moreno se dio a conocer p\u00fablicamente en agosto, m\u00e1s de un mes despu\u00e9s del hecho. En aquel momento, el procurador remarc\u00f3 que la acusaci\u00f3n contra el juez \u201cse sostiene en la gruesa negligencia, impericia e incumplimiento\u201d de haber dilato por 53 d\u00edas la correcta introducci\u00f3n del pedido de captura del condenado.<\/p>\n\n\n\n<p>En s\u00edntesis, el sicario deb\u00eda regresar a las 20.30 del 18 de junio a la unidad carcelaria donde se encontraba alojado.&nbsp; Al no volver, el Servicio Penitenciario inform\u00f3 de forma telef\u00f3nica al juez, pero la situaci\u00f3n se informa formalmente a la justicia reci\u00e9n el 22 de junio.<\/p>\n\n\n\n<p>Al d\u00eda siguiente, la fiscal interviniente solicita a Laurenci que ordene la captura y detenci\u00f3n de Moreno, lo cual reci\u00e9n realiza 18 d\u00edas despu\u00e9s de la fuga, pero env\u00eda a la Polic\u00eda a un domicilio equivocado. Posteriormente, se dirigen al domicilio real de Moreno, quien no se encontraba all\u00ed.<\/p>\n\n\n\n<p>Sin embargo, el ingreso del sicario al sistema de b\u00fasqueda reci\u00e9n ingresa 53 d\u00edas despu\u00e9s de perpetrada la fuga.<\/p>\n\n\n\n<p>Las partes podr\u00e1n en los pr\u00f3ximos cinco d\u00edas h\u00e1biles ratificar y ampliar las pruebas ofrecidas oportunamente.<\/p>\n","protected":false},"excerpt":{"rendered":"<p>El Jurado de Enjuiciamiento resolvi\u00f3 suspender al Juez de la Sala I del Tribunal de Juicio del Distrito Judicial Or\u00e1n, Edgardo Osvaldo Laurenci, trabar embargo sobre un porcentaje de sus haberes y abrir la causa a prueba por el t\u00e9rmino de veinte d\u00edas. El magistrado est\u00e1 involucrado en irregularidades relacionadas a la fuga del sicario [&hellip;]<\/p>\n","protected":false},"author":2,"featured_media":73140,"comment_status":"open","ping_status":"open","sticky":false,"template":"","format":"standard","meta":{"tdm_status":"","tdm_grid_status":"","_joinchat":[],"footnotes":""},"categories":[63],"tags":[],"class_list":{"0":"post-73139","1":"post","2":"type-post","3":"status-publish","4":"format-standard","5":"has-post-thumbnail","7":"category-policiales"},"amp_enabled":true,"_links":{"self":[{"href":"https:\/\/www.todoeldia.com\/index.php\/wp-json\/wp\/v2\/posts\/73139","targetHints":{"allow":["GET"]}}],"collection":[{"href":"https:\/\/www.todoeldia.com\/index.php\/wp-json\/wp\/v2\/posts"}],"about":[{"href":"https:\/\/www.todoeldia.com\/index.php\/wp-json\/wp\/v2\/types\/post"}],"author":[{"embeddable":true,"href":"https:\/\/www.todoeldia.com\/index.php\/wp-json\/wp\/v2\/users\/2"}],"replies":[{"embeddable":true,"href":"https:\/\/www.todoeldia.com\/index.php\/wp-json\/wp\/v2\/comments?post=73139"}],"version-history":[{"count":1,"href":"https:\/\/www.todoeldia.com\/index.php\/wp-json\/wp\/v2\/posts\/73139\/revisions"}],"predecessor-version":[{"id":73142,"href":"https:\/\/www.todoeldia.com\/index.php\/wp-json\/wp\/v2\/posts\/73139\/revisions\/73142"}],"wp:featuredmedia":[{"embeddable":true,"href":"https:\/\/www.todoeldia.com\/index.php\/wp-json\/wp\/v2\/media\/73140"}],"wp:attachment":[{"href":"https:\/\/www.todoeldia.com\/index.php\/wp-json\/wp\/v2\/media?parent=73139"}],"wp:term":[{"taxonomy":"category","embeddable":true,"href":"https:\/\/www.todoeldia.com\/index.php\/wp-json\/wp\/v2\/categories?post=73139"},{"taxonomy":"post_tag","embeddable":true,"href":"https:\/\/www.todoeldia.com\/index.php\/wp-json\/wp\/v2\/tags?post=73139"}],"curies":[{"name":"wp","href":"https:\/\/api.w.org\/{rel}","templated":true}]}}