{"id":73147,"date":"2024-02-16T14:39:06","date_gmt":"2024-02-16T17:39:06","guid":{"rendered":"https:\/\/www.todoeldia.com\/?p=73147"},"modified":"2024-02-16T14:39:07","modified_gmt":"2024-02-16T17:39:07","slug":"el-gobierno-prepara-una-cumbre-con-gobernadores-en-salta-para-intentar-descomprimir-la-tension","status":"publish","type":"post","link":"https:\/\/www.todoeldia.com\/index.php\/2024\/02\/16\/el-gobierno-prepara-una-cumbre-con-gobernadores-en-salta-para-intentar-descomprimir-la-tension\/","title":{"rendered":"El gobierno prepara una cumbre con gobernadores en Salta para intentar descomprimir la tensi\u00f3n"},"content":{"rendered":"\n<p>En Casa Rosada aseguran que no habr\u00e1 pacto fiscal en el corto plazo. El ministro del Interior, Guillermo Francos, viajar\u00e1 a Salta para buscar recomponer el v\u00ednculo con los mandatarios Gustavo S\u00e1enz, Ra\u00fal Jalil, Osvaldo Jaldo, Hugo Passalacqua, Carlos Sadir y Gustavo Vald\u00e9s.<\/p>\n\n\n\n<p>Ante las presentaciones judiciales de varios gobernadores por la quita de fondos, el Gobierno se aferra al d\u00e9ficit cero y prepara una cumbre con gobernadores peronistas y radicales previo a la apertura de las sesiones ordinarias.<\/p>\n\n\n\n<p>Seg\u00fan pudo saber TN, el ministro de Interior, Guillermo Francos, ser\u00e1 el encargado de articular la recomposici\u00f3n del v\u00ednculo con los mandatarios provinciales tras la ca\u00edda de la Ley \u00d3mnibus. El funcionario viajar\u00e1 a Salta para reunirse con los gobernadores Gustavo S\u00e1enz (Salta), Ra\u00fal Jalil (Catamarca), Osvaldo Jaldo (Tucum\u00e1n), Hugo Passalacqua (Misiones), Carlos Sadir (Jujuy) y Gustavo Vald\u00e9s (Corrientes).<\/p>\n\n\n\n<p>El Gobierno planea reunirse con los mandatarios que consideren abiertos al di\u00e1logo. Descartan hacerlo con los gobernadores Axel Kicillof (Buenos Aires), Mart\u00edn Llaryora (C\u00f3rdoba), Maximiliano Pullaro (Santa Fe), Ricardo Quintela (La Rioja), entre otros.<\/p>\n\n\n\n<figure class=\"wp-block-image size-large\"><img loading=\"lazy\" decoding=\"async\" width=\"1024\" height=\"573\" src=\"https:\/\/www.todoeldia.com\/wp-content\/uploads\/2024\/02\/image-74-1024x573.png\" alt=\"\" class=\"wp-image-73148\" srcset=\"https:\/\/www.todoeldia.com\/wp-content\/uploads\/2024\/02\/image-74-1024x573.png 1024w, https:\/\/www.todoeldia.com\/wp-content\/uploads\/2024\/02\/image-74-300x168.png 300w, https:\/\/www.todoeldia.com\/wp-content\/uploads\/2024\/02\/image-74-768x430.png 768w, https:\/\/www.todoeldia.com\/wp-content\/uploads\/2024\/02\/image-74-696x390.png 696w, https:\/\/www.todoeldia.com\/wp-content\/uploads\/2024\/02\/image-74-1068x598.png 1068w, https:\/\/www.todoeldia.com\/wp-content\/uploads\/2024\/02\/image-74-750x420.png 750w, https:\/\/www.todoeldia.com\/wp-content\/uploads\/2024\/02\/image-74.png 1440w\" sizes=\"auto, (max-width: 1024px) 100vw, 1024px\" \/><\/figure>\n\n\n\n<p><strong>El gobernador la provincia de Buenos Aires, Axel Kicillof, y su par de La Rioja, Ricardo Quintela, son los m\u00e1s cr\u00edticos al Gobierno<\/strong><\/p>\n\n\n\n<p>En la c\u00fapula del Ejecutivo consideran que estos jefes provinciales se aprovecharon de la debilidad legislativa de La Libertad Avanza para \u201cimponer las modificaciones que a ellos les parec\u00eda para la ley\u201d y para presionar con la coparticipaci\u00f3n del impuesto PAIS.<\/p>\n\n\n\n<p>Seg\u00fan remarcan en los pasillos de la Rosada, no habr\u00e1 pacto fiscal en marzo. Buscar\u00e1n contentar a los gobernadores aliados con otras cosas: pedido de refuerzos de fuerzas de seguridad, reflotar negociaciones con la hidrov\u00eda, entre otras cosas.<\/p>\n\n\n\n<p>El objetivo de m\u00e1xima es bajar la inflaci\u00f3n y profundizar los recortes y el ajuste, que afectar\u00e1 directamente a las provincias. Se aferran al d\u00e9ficit cero y financiero, al que quieren apuntalar con el pago de deuda.<\/p>\n\n\n\n<p>De esta manera, van a mantener la quita de subsidios al transporte, la eliminaci\u00f3n del Fondo Compensador del Interior, as\u00ed como tambi\u00e9n correr\u00e1 con la misma suerte el Fondo de Incentivo Docente. El Gobierno no negociar\u00e1 el rumbo de la gesti\u00f3n y conf\u00eda en que podr\u00e1 gobernar con las herramientas que tiene.<\/p>\n","protected":false},"excerpt":{"rendered":"<p>En Casa Rosada aseguran que no habr\u00e1 pacto fiscal en el corto plazo. El ministro del Interior, Guillermo Francos, viajar\u00e1 a Salta para buscar recomponer el v\u00ednculo con los mandatarios Gustavo S\u00e1enz, Ra\u00fal Jalil, Osvaldo Jaldo, Hugo Passalacqua, Carlos Sadir y Gustavo Vald\u00e9s. Ante las presentaciones judiciales de varios gobernadores por la quita de fondos, [&hellip;]<\/p>\n","protected":false},"author":2,"featured_media":70003,"comment_status":"open","ping_status":"open","sticky":false,"template":"","format":"standard","meta":{"tdm_status":"","tdm_grid_status":"","_joinchat":[],"footnotes":""},"categories":[59],"tags":[],"class_list":{"0":"post-73147","1":"post","2":"type-post","3":"status-publish","4":"format-standard","5":"has-post-thumbnail","7":"category-politica"},"amp_enabled":true,"_links":{"self":[{"href":"https:\/\/www.todoeldia.com\/index.php\/wp-json\/wp\/v2\/posts\/73147","targetHints":{"allow":["GET"]}}],"collection":[{"href":"https:\/\/www.todoeldia.com\/index.php\/wp-json\/wp\/v2\/posts"}],"about":[{"href":"https:\/\/www.todoeldia.com\/index.php\/wp-json\/wp\/v2\/types\/post"}],"author":[{"embeddable":true,"href":"https:\/\/www.todoeldia.com\/index.php\/wp-json\/wp\/v2\/users\/2"}],"replies":[{"embeddable":true,"href":"https:\/\/www.todoeldia.com\/index.php\/wp-json\/wp\/v2\/comments?post=73147"}],"version-history":[{"count":1,"href":"https:\/\/www.todoeldia.com\/index.php\/wp-json\/wp\/v2\/posts\/73147\/revisions"}],"predecessor-version":[{"id":73149,"href":"https:\/\/www.todoeldia.com\/index.php\/wp-json\/wp\/v2\/posts\/73147\/revisions\/73149"}],"wp:featuredmedia":[{"embeddable":true,"href":"https:\/\/www.todoeldia.com\/index.php\/wp-json\/wp\/v2\/media\/70003"}],"wp:attachment":[{"href":"https:\/\/www.todoeldia.com\/index.php\/wp-json\/wp\/v2\/media?parent=73147"}],"wp:term":[{"taxonomy":"category","embeddable":true,"href":"https:\/\/www.todoeldia.com\/index.php\/wp-json\/wp\/v2\/categories?post=73147"},{"taxonomy":"post_tag","embeddable":true,"href":"https:\/\/www.todoeldia.com\/index.php\/wp-json\/wp\/v2\/tags?post=73147"}],"curies":[{"name":"wp","href":"https:\/\/api.w.org\/{rel}","templated":true}]}}