{"id":73154,"date":"2024-02-16T15:41:31","date_gmt":"2024-02-16T18:41:31","guid":{"rendered":"https:\/\/www.todoeldia.com\/?p=73154"},"modified":"2024-02-16T15:41:32","modified_gmt":"2024-02-16T18:41:32","slug":"en-enero-en-salta-fallecieron-7-ninos-wichis-por-desnutricion-y-hubo-mas-de-90-internados-2","status":"publish","type":"post","link":"https:\/\/www.todoeldia.com\/index.php\/2024\/02\/16\/en-enero-en-salta-fallecieron-7-ninos-wichis-por-desnutricion-y-hubo-mas-de-90-internados-2\/","title":{"rendered":"En enero en Salta fallecieron 7 ni\u00f1os Wichis por desnutrici\u00f3n y hubo m\u00e1s de 90 internados"},"content":{"rendered":"\n<p>217, fue la cifra de ni\u00f1os y ni\u00f1as de comunidades ind\u00edgenas de Salta que han perdido la vida en los a\u00f1os 2020, 2021 y 2022 por causas evitables.<\/p>\n\n\n\n<p>San Mart\u00edn, Or\u00e1n y Rivadavia son departamentos salte\u00f1os en los que murieron la mayor cantidad de ellos seg\u00fan las estad\u00edsticas oficiales de Salta.<\/p>\n\n\n\n<p>Desde 2023 las autoridades no brindan informaci\u00f3n sobre los decesos y casos de desnutrici\u00f3n en Salta.<\/p>\n\n\n\n<figure class=\"wp-block-image size-full is-resized\"><img loading=\"lazy\" decoding=\"async\" width=\"911\" height=\"450\" src=\"https:\/\/www.todoeldia.com\/wp-content\/uploads\/2024\/02\/wichi-tomando-agua.jpg\" alt=\"\" class=\"wp-image-72977\" style=\"width:1068px;height:auto\" srcset=\"https:\/\/www.todoeldia.com\/wp-content\/uploads\/2024\/02\/wichi-tomando-agua.jpg 911w, https:\/\/www.todoeldia.com\/wp-content\/uploads\/2024\/02\/wichi-tomando-agua-300x148.jpg 300w, https:\/\/www.todoeldia.com\/wp-content\/uploads\/2024\/02\/wichi-tomando-agua-768x379.jpg 768w, https:\/\/www.todoeldia.com\/wp-content\/uploads\/2024\/02\/wichi-tomando-agua-696x344.jpg 696w, https:\/\/www.todoeldia.com\/wp-content\/uploads\/2024\/02\/wichi-tomando-agua-850x420.jpg 850w, https:\/\/www.todoeldia.com\/wp-content\/uploads\/2024\/02\/wichi-tomando-agua-324x160.jpg 324w\" sizes=\"auto, (max-width: 911px) 100vw, 911px\" \/><figcaption class=\"wp-element-caption\">Comunidad Wichi en la Provincia de Salta. La comunidad Wichi se encuentra en totalmente desprotegida y en crisis. Desde que empez\u00f3 el a\u00f1o 2020 ya se contaron 8 muertes de ni\u00f1os por desnutrici\u00f3n.  Un gran porcentaje de la comunidad se encuentra con bajo peso. El acceso al agua potable nulo y terminan consumiendo agua de pozo con Ars\u00e9nico,  adem\u00e1s los que viven cerca de campos sembrados juntan y utilizan los bidones que conten\u00eda agroqu\u00edmicos como dep\u00f3sitos de agua. A esto se suma tambi\u00e9n la dificultad para acceder a alg\u00fan centro de salud o que una ambulancia llegue a tiempo en caso de emergencia.  El abandono por parte del estado provincial el total. \nMisi\u00f3n Vertiente Chica a 30 kil\u00f3metros al Sur de Santa Victoria que entre diciembre y febrero murieron 2 chicos.\nFotos Emmanuel Fern\u00e1ndez<\/figcaption><\/figure>\n\n\n\n<p>En el primer mes del a\u00f1o 2024 son 7 los menores que fallecieron por desnutrici\u00f3n, aunque en los certificados de defunci\u00f3n figuren como shock s\u00e9ptico, falla multiorganica, paro cardio respiratorio o gastroenteritis. Los m\u00e9dicos tienen prohibido poner en los certificados de defunci\u00f3n que las causas de fallecimiento son por desnutrici\u00f3n aguda.<\/p>\n\n\n\n<p>En las planillas a las que se pudo acceder en los hospitales donde se niegan a brindar informaci\u00f3n por temor a represalias se pudo comprobar que cada nena o nene que ingresa con un severo cuadro de desnutrici\u00f3n, figura en la historia cl\u00ednica como \u201cbajo peso\u201d.<\/p>\n\n\n\n<p>El 8 de Enero 2024 se dio a conocer la noticia del fallecimiento de tres ni\u00f1os del norte provincial, dos de ellos pertenecientes a una comunidad wichi, que habr\u00edan muerto por desnutrici\u00f3n.<\/p>\n\n\n\n<figure class=\"wp-block-image size-full is-resized\"><img loading=\"lazy\" decoding=\"async\" width=\"675\" height=\"450\" src=\"https:\/\/www.todoeldia.com\/wp-content\/uploads\/2024\/02\/wichi-tomando-mate.jpg\" alt=\"\" class=\"wp-image-72982\" style=\"width:1068px;height:auto\" srcset=\"https:\/\/www.todoeldia.com\/wp-content\/uploads\/2024\/02\/wichi-tomando-mate.jpg 675w, https:\/\/www.todoeldia.com\/wp-content\/uploads\/2024\/02\/wichi-tomando-mate-300x200.jpg 300w, https:\/\/www.todoeldia.com\/wp-content\/uploads\/2024\/02\/wichi-tomando-mate-630x420.jpg 630w\" sizes=\"auto, (max-width: 675px) 100vw, 675px\" \/><\/figure>\n\n\n\n<p>Gabriela Dorigato, Subsecretaria de Medicina Social, sali\u00f3 a aclarar que los peque\u00f1os no murieron por desnutrici\u00f3n, sino que la causa fue una \u201cgastroenteritis m\u00e1s sepsis\u201d que fueron atendidos en el hospital de Aguaray.<\/p>\n\n\n\n<p>Y que otros dos tambi\u00e9n de esa semana que estuvieron atendidos por Morillo\u201d indic\u00f3.<\/p>\n\n\n\n<figure class=\"wp-block-image size-full is-resized\"><img loading=\"lazy\" decoding=\"async\" width=\"977\" height=\"650\" src=\"https:\/\/www.todoeldia.com\/wp-content\/uploads\/2024\/02\/image-59.png\" alt=\"\" class=\"wp-image-72980\" style=\"width:1068px;height:auto\" srcset=\"https:\/\/www.todoeldia.com\/wp-content\/uploads\/2024\/02\/image-59.png 977w, https:\/\/www.todoeldia.com\/wp-content\/uploads\/2024\/02\/image-59-300x200.png 300w, https:\/\/www.todoeldia.com\/wp-content\/uploads\/2024\/02\/image-59-768x511.png 768w, https:\/\/www.todoeldia.com\/wp-content\/uploads\/2024\/02\/image-59-696x463.png 696w, https:\/\/www.todoeldia.com\/wp-content\/uploads\/2024\/02\/image-59-631x420.png 631w\" sizes=\"auto, (max-width: 977px) 100vw, 977px\" \/><\/figure>\n\n\n\n<p>La funcionaria reconoce que hay ni\u00f1os wichi con bajo peso, porque desde salud les brindan un alimento terap\u00e9utico, tambi\u00e9n a partir de una evaluaci\u00f3n previa les entregan el m\u00f3dulo, destinado a comunidades originarias, que es para ni\u00f1os con bajo peso o muy bajo peso y que contiene prote\u00ednas de alto valor biol\u00f3gico.<\/p>\n\n\n\n<p>Sin embargo, de las consultas a las madres con sus hijos internados en los hospitales desmienten esta informaci\u00f3n se\u00f1alando que los m\u00f3dulos focalizados el gobierno los entrega cada 4 meses.<\/p>\n\n\n\n<p>Tambi\u00e9n en los primeros d\u00edas de enero del 2024 fallecieron un ni\u00f1o y una ni\u00f1a integrantes del Pueblo Wichi del departamento Rivadavia, Banda Norte.<\/p>\n\n\n\n<figure class=\"wp-block-image size-large is-resized\"><img loading=\"lazy\" decoding=\"async\" width=\"1024\" height=\"687\" src=\"https:\/\/www.todoeldia.com\/wp-content\/uploads\/2024\/02\/image-58-1024x687.png\" alt=\"\" class=\"wp-image-72978\" style=\"width:1068px;height:auto\" srcset=\"https:\/\/www.todoeldia.com\/wp-content\/uploads\/2024\/02\/image-58-1024x687.png 1024w, https:\/\/www.todoeldia.com\/wp-content\/uploads\/2024\/02\/image-58-300x201.png 300w, https:\/\/www.todoeldia.com\/wp-content\/uploads\/2024\/02\/image-58-768x515.png 768w, https:\/\/www.todoeldia.com\/wp-content\/uploads\/2024\/02\/image-58-696x467.png 696w, https:\/\/www.todoeldia.com\/wp-content\/uploads\/2024\/02\/image-58-1068x717.png 1068w, https:\/\/www.todoeldia.com\/wp-content\/uploads\/2024\/02\/image-58-626x420.png 626w, https:\/\/www.todoeldia.com\/wp-content\/uploads\/2024\/02\/image-58.png 1100w\" sizes=\"auto, (max-width: 1024px) 100vw, 1024px\" \/><\/figure>\n\n\n\n<p>La ni\u00f1a y el ni\u00f1o viv\u00edan en comunidades que distan unos 15 kil\u00f3metros entre s\u00ed. El var\u00f3n ingres\u00f3 al Hospital de Coronel Juan Sol\u00e1 o Estaci\u00f3n Morillo, el mi\u00e9rcoles 3 de enero a las 21.30, y falleci\u00f3 a las 5.30 del jueves.<\/p>\n\n\n\n<p>Otro caso es el de un ni\u00f1o de 2 a\u00f1os que hab\u00eda estado internado en el Hospital Juan Domingo Per\u00f3n y un bebe en el hospital de Embarcaci\u00f3n.<\/p>\n\n\n\n<p>Una semana antes una beba de 9 meses ingres\u00f3 por tercera vez al Hospital San Vicente de Paul, en la ciudad Or\u00e1n, cabecera del departamento del mismo nombre. Ella resid\u00eda con sus padres en Misi\u00f3n La Cortada, ubicada en las m\u00e1rgenes de Morillo.<\/p>\n\n\n\n<p>Otro de los casos que fue el de Job Moreno que falleci\u00f3 tambi\u00e9n por desnutrici\u00f3n en el hospital de Tartagal y su hermanita fue derivada al hospital de Or\u00e1n tambi\u00e9n por la misma situaci\u00f3n. Este \u00faltimo caso caus\u00f3 un revuelo en las autoridades sanitarias de Salta y hubo un severo llamado de atenci\u00f3n del propio gobernador a los funcionarios de Salud y Desarrollo social que tienen a su cargo esas \u00e1reas.<\/p>\n\n\n\n<p>Seg\u00fan los profesionales de los hospitales la situaci\u00f3n nunca estuvo tan mal como en el presente y en muchos casos tampoco tienen los medicamentos necesarios.<\/p>\n\n\n\n<p>Las responsabilidades de esta situaci\u00f3n parten del ministerio de Salud P\u00fablica y de Desarrollo Social, a cargo de Mario Mimessi; la secretara de primera infancia, ni\u00f1ez y familia, Carina Paola Iradis; la subsecretar\u00eda de primera infancia Marcela Natalia Alarc\u00f3n Fern\u00e1ndez; la directora de acompa\u00f1amiento familiar en contexto rurales Mar\u00eda Bel\u00e9n Chalup; el director de Primera Infancia, Cristian Gabriel Fern\u00e1ndez y la subsecretaria de ni\u00f1ez y familia, Cristian Eloy L\u00f3pez Traficando, todos ellos \u201cfuncionarios que no funcionan\u201d como lo dijo una vez la vicepresidenta, Cristina Kirchner.<\/p>\n\n\n\n<figure class=\"wp-block-image size-full is-resized\"><img loading=\"lazy\" decoding=\"async\" width=\"899\" height=\"600\" src=\"https:\/\/www.todoeldia.com\/wp-content\/uploads\/2024\/02\/image-60.png\" alt=\"\" class=\"wp-image-72981\" style=\"width:1068px;height:auto\" srcset=\"https:\/\/www.todoeldia.com\/wp-content\/uploads\/2024\/02\/image-60.png 899w, https:\/\/www.todoeldia.com\/wp-content\/uploads\/2024\/02\/image-60-300x200.png 300w, https:\/\/www.todoeldia.com\/wp-content\/uploads\/2024\/02\/image-60-768x513.png 768w, https:\/\/www.todoeldia.com\/wp-content\/uploads\/2024\/02\/image-60-696x465.png 696w, https:\/\/www.todoeldia.com\/wp-content\/uploads\/2024\/02\/image-60-629x420.png 629w\" sizes=\"auto, (max-width: 899px) 100vw, 899px\" \/><\/figure>\n\n\n\n<p>Muchos nombres y cargos con salarios altos para que no exista una coordinada labor entre todos estos organismos para evitar las muertes por desnutrici\u00f3n que siguen sacudiendo a Salta.<\/p>\n\n\n\n<p>El Gobierno pregona a cada instante que, bajo la desnutrici\u00f3n infantil en Salta, pero eso contrasta con la realidad con solo visitar los hospitales cabeceras y constatar los ni\u00f1os internados con desnutrici\u00f3n \u201co bajo peso\u201d como los hacen figurar en las historias cl\u00ednicas.<\/p>\n\n\n\n<p>En el mes de enero de 2024 hubo m\u00e1s de 80 ni\u00f1os internados por desnutrici\u00f3n severa en los hospitales de Santa Victoria Este, Tartagal, Mosconi, Embarcaci\u00f3n, Coronel Juan Sol\u00e1, Pichanal y Or\u00e1n. Solo en Embarcaci\u00f3n hubo m\u00e1s de 30 internados.<\/p>\n\n\n\n<p>Las madres o familiares que cuidan a los nenes internados son t\u00edmidos y de pocas palabras, pero si aseguran que no son tenidos en cuenta y que ni siquiera los visitan los agentes sanitarios y que los bolsones alimentarios los reciben muchas veces cada 3 o 4 meses.<\/p>\n\n\n\n<p>Al hospital San Vicente de Pa\u00fal son derivados los ni\u00f1os con casos de extrema gravedad y en algunos casos es hasta dif\u00edcil rehidratarlos con sueros porque no se pueden encontrar las venas para su canalizaci\u00f3n.<\/p>\n\n\n\n<p>En la mayor\u00eda de los casos se trata de bebes reci\u00e9n nacidos hasta 3 a\u00f1os, cuyas con madres presentan tambi\u00e9n cuadros de desnutrici\u00f3n severa.<\/p>\n\n\n\n<p>Una enfermera del hospital de Embarcaci\u00f3n detall\u00f3 que en muchos casos el cuerpo y f\u00edsico de los ni\u00f1os de 3\u00b0 grado se parecen a los de nenes que van al jard\u00edn de infantes.<\/p>\n\n\n\n<p>A pesar de que los fallecimientos se producen por desnutrici\u00f3n las causas m\u00e1s frecuentes que aparecen en los certificados de defunci\u00f3n son gastroenteritis, deshidrataci\u00f3n e infecciones respiratorias.<\/p>\n\n\n\n<p>Para las organizaciones sociales que trabajan en el territorio, eso se traduce en hambre, falta de acceso al agua y otras problem\u00e1ticas asociadas a las condiciones de extrema pobreza y vulneraci\u00f3n de derechos en las que viven.<\/p>\n\n\n\n<figure class=\"wp-block-image size-full is-resized\"><img loading=\"lazy\" decoding=\"async\" width=\"900\" height=\"550\" src=\"https:\/\/www.todoeldia.com\/wp-content\/uploads\/2024\/02\/hospital-embarcacion.jpg\" alt=\"\" class=\"wp-image-72979\" style=\"width:1068px;height:auto\" srcset=\"https:\/\/www.todoeldia.com\/wp-content\/uploads\/2024\/02\/hospital-embarcacion.jpg 900w, https:\/\/www.todoeldia.com\/wp-content\/uploads\/2024\/02\/hospital-embarcacion-300x183.jpg 300w, https:\/\/www.todoeldia.com\/wp-content\/uploads\/2024\/02\/hospital-embarcacion-768x469.jpg 768w, https:\/\/www.todoeldia.com\/wp-content\/uploads\/2024\/02\/hospital-embarcacion-696x425.jpg 696w, https:\/\/www.todoeldia.com\/wp-content\/uploads\/2024\/02\/hospital-embarcacion-687x420.jpg 687w\" sizes=\"auto, (max-width: 900px) 100vw, 900px\" \/><\/figure>\n\n\n\n<p>Una de ellas es la ONG Pata Pila, Diego Bustamante, su fundador ya hab\u00eda afirmado que es muy complejo el tema de la desnutrici\u00f3n en el norte del pa\u00eds. El joven porte\u00f1o decidi\u00f3 dar un vuelco en su vida y se mud\u00f3 al Chaco salte\u00f1o, para combatir la desnutrici\u00f3n de los ni\u00f1os de las comunidades guaran\u00ed, chan\u00e9 y wichi. Asegura que \u201cel 40 por ciento de los chicos de los pueblos originarios est\u00e1 desnutrido\u201d.<\/p>\n\n\n\n<p>Dijo tambi\u00e9n que \u201cde cada cien ni\u00f1os que vemos treinta tienen mal nutrici\u00f3n y desnutrici\u00f3n\u201d.<\/p>\n\n\n\n<p>El 13 de enero de 2020 el entonces ministro de Desarrollo Social, Daniel Arroyo, se lamentaba en Salta por la confirmaci\u00f3n de la muerte por desnutrici\u00f3n de tres menores de edad de origen wichi en el lapso de una semana. Acompa\u00f1ado por el gobernador provincial, Gustavo S\u00e1enz, el funcionario nacional recorri\u00f3 diferentes localidades en car\u00e1cter de \u201curgencia\u201d y sin embargo nada cambio hasta la fecha.<\/p>\n\n\n\n<p>En resumen, la desnutrici\u00f3n infantil es un problema grave en la provincia de Salta, y los datos disponibles sugieren que est\u00e1 en aumento. La falta de informaci\u00f3n oficial en los \u00faltimos a\u00f1os y la necesidad de medidas efectivas y sostenibles por parte del gobierno son preocupantes y muestran un problema de gesti\u00f3n en la provincia.<\/p>\n\n\n\n<p>Es necesario que se tomen medidas concretas para abordar esta situaci\u00f3n y garantizar el derecho a la alimentaci\u00f3n y la nutrici\u00f3n de los ni\u00f1os en la provincia de Salta.<\/p>\n\n\n\n<p>El 29 de enero de 2020 la Legislatura de Salta sancion\u00f3 la ley 8.185 donde se prorrogaba la emergencia, sanitaria en los departamentos del norte de la Provincia, los de mayor porcentaje de fallecimientos de menores, y mayor \u00edndice de necesidades b\u00e1sicas insatisfechas. A casi 4 a\u00f1os de la sanci\u00f3n de la ley, y tras cinco extensiones la realidad que se vive en las comunidades no parece entender de estado ni de emergencia, ni de socio, ni de sanitaria.<\/p>\n\n\n\n<p>En el norte hay m\u00e1s de 200 comunidades originarias de las etnias Wichis, chorotes, tobas, tapietes y chulup\u00edes las m\u00e1s empobrecidas.<\/p>\n\n\n\n<p>Causa estupor asimilar que hace 4 a\u00f1os se rubric\u00f3 la emergencia socio sanitaria y sin embargo esas infancias contin\u00faan muriendo evidentemente con bajo peso o desnutridas.<\/p>\n","protected":false},"excerpt":{"rendered":"<p>217, fue la cifra de ni\u00f1os y ni\u00f1as de comunidades ind\u00edgenas de Salta que han perdido la vida en los a\u00f1os 2020, 2021 y 2022 por causas evitables. San Mart\u00edn, Or\u00e1n y Rivadavia son departamentos salte\u00f1os en los que murieron la mayor cantidad de ellos seg\u00fan las estad\u00edsticas oficiales de Salta. Desde 2023 las autoridades [&hellip;]<\/p>\n","protected":false},"author":2,"featured_media":72976,"comment_status":"open","ping_status":"open","sticky":false,"template":"","format":"standard","meta":{"tdm_status":"","tdm_grid_status":"","_joinchat":[],"footnotes":""},"categories":[73],"tags":[],"class_list":{"0":"post-73154","1":"post","2":"type-post","3":"status-publish","4":"format-standard","5":"has-post-thumbnail","7":"category-noticias-general"},"amp_enabled":true,"_links":{"self":[{"href":"https:\/\/www.todoeldia.com\/index.php\/wp-json\/wp\/v2\/posts\/73154","targetHints":{"allow":["GET"]}}],"collection":[{"href":"https:\/\/www.todoeldia.com\/index.php\/wp-json\/wp\/v2\/posts"}],"about":[{"href":"https:\/\/www.todoeldia.com\/index.php\/wp-json\/wp\/v2\/types\/post"}],"author":[{"embeddable":true,"href":"https:\/\/www.todoeldia.com\/index.php\/wp-json\/wp\/v2\/users\/2"}],"replies":[{"embeddable":true,"href":"https:\/\/www.todoeldia.com\/index.php\/wp-json\/wp\/v2\/comments?post=73154"}],"version-history":[{"count":1,"href":"https:\/\/www.todoeldia.com\/index.php\/wp-json\/wp\/v2\/posts\/73154\/revisions"}],"predecessor-version":[{"id":73155,"href":"https:\/\/www.todoeldia.com\/index.php\/wp-json\/wp\/v2\/posts\/73154\/revisions\/73155"}],"wp:featuredmedia":[{"embeddable":true,"href":"https:\/\/www.todoeldia.com\/index.php\/wp-json\/wp\/v2\/media\/72976"}],"wp:attachment":[{"href":"https:\/\/www.todoeldia.com\/index.php\/wp-json\/wp\/v2\/media?parent=73154"}],"wp:term":[{"taxonomy":"category","embeddable":true,"href":"https:\/\/www.todoeldia.com\/index.php\/wp-json\/wp\/v2\/categories?post=73154"},{"taxonomy":"post_tag","embeddable":true,"href":"https:\/\/www.todoeldia.com\/index.php\/wp-json\/wp\/v2\/tags?post=73154"}],"curies":[{"name":"wp","href":"https:\/\/api.w.org\/{rel}","templated":true}]}}