{"id":73157,"date":"2024-02-17T11:57:12","date_gmt":"2024-02-17T14:57:12","guid":{"rendered":"https:\/\/www.todoeldia.com\/?p=73157"},"modified":"2024-02-17T12:05:11","modified_gmt":"2024-02-17T15:05:11","slug":"jorge-rojas-y-los-nocheros-asi-fue-la-primera-noche-de-un-reencuentro-historico","status":"publish","type":"post","link":"https:\/\/www.todoeldia.com\/index.php\/2024\/02\/17\/jorge-rojas-y-los-nocheros-asi-fue-la-primera-noche-de-un-reencuentro-historico\/","title":{"rendered":"Jorge Rojas y Los Nocheros: as\u00ed fue la primera noche de un reencuentro hist\u00f3rico"},"content":{"rendered":"\n<p>El cantor se volvi\u00f3 a reunir con su hist\u00f3rico grupo para cuatro presentaciones en La Yapa, el espacio que construy\u00f3 en el patio de su casa en Anisacate.<\/p>\n\n\n\n<figure class=\"wp-block-embed is-type-video is-provider-youtube wp-block-embed-youtube wp-embed-aspect-16-9 wp-has-aspect-ratio\"><div class=\"wp-block-embed__wrapper\">\n<iframe loading=\"lazy\" title=\"La Yapa, Anisacate 1\u00b0 noche Encuentro Jorge Rojas y Los Nocheros 20 a\u00f1os\" width=\"696\" height=\"392\" src=\"https:\/\/www.youtube.com\/embed\/OC2pnktUdVM?feature=oembed\" frameborder=\"0\" allow=\"accelerometer; autoplay; clipboard-write; encrypted-media; gyroscope; picture-in-picture; web-share\" allowfullscreen><\/iframe>\n<\/div><\/figure>\n\n\n\n<p>Casi 20 a\u00f1os tuvieron que pasar para que se produjera un reencuentro sobre un escenario de los m\u00e1s esperados para la m\u00fasica popular argentina: el de Jorge Rojas con Los Nocheros, la banda que el cantor nacido en Neuqu\u00e9n, pero criado en el Chaco salte\u00f1o dej\u00f3 en 2005 en medio de acusaciones cruzadas y algunas heridas que tardaron mucho en cicatrizar.<\/p>\n\n\n\n<figure class=\"wp-block-image size-full\"><img loading=\"lazy\" decoding=\"async\" width=\"1023\" height=\"682\" src=\"https:\/\/www.todoeldia.com\/wp-content\/uploads\/2024\/02\/image-75.png\" alt=\"\" class=\"wp-image-73159\" srcset=\"https:\/\/www.todoeldia.com\/wp-content\/uploads\/2024\/02\/image-75.png 1023w, https:\/\/www.todoeldia.com\/wp-content\/uploads\/2024\/02\/image-75-300x200.png 300w, https:\/\/www.todoeldia.com\/wp-content\/uploads\/2024\/02\/image-75-768x512.png 768w, https:\/\/www.todoeldia.com\/wp-content\/uploads\/2024\/02\/image-75-696x464.png 696w, https:\/\/www.todoeldia.com\/wp-content\/uploads\/2024\/02\/image-75-630x420.png 630w\" sizes=\"auto, (max-width: 1023px) 100vw, 1023px\" \/><\/figure>\n\n\n\n<p>Todo eso qued\u00f3 en el pasado y finalmente la juntada se corporiz\u00f3 en la noche del viernes y continuar\u00e1 este s\u00e1bado (con entradas agotadas). Ante la demanda se sumaron dos fechas: viernes 23 y s\u00e1bado 24.<\/p>\n\n\n\n<figure class=\"wp-block-embed is-type-video is-provider-youtube wp-block-embed-youtube wp-embed-aspect-16-9 wp-has-aspect-ratio\"><div class=\"wp-block-embed__wrapper\">\n<iframe loading=\"lazy\" title=\"Los Nocheros,#Layapa#sinsaberdeti\" width=\"696\" height=\"392\" src=\"https:\/\/www.youtube.com\/embed\/Yfmbar5dl3Q?feature=oembed\" frameborder=\"0\" allow=\"accelerometer; autoplay; clipboard-write; encrypted-media; gyroscope; picture-in-picture; web-share\" allowfullscreen><\/iframe>\n<\/div><\/figure>\n\n\n\n<p>El clima del viernes acompa\u00f1\u00f3 a la gran cantidad de gente que colm\u00f3 el predio preparado para la ocasi\u00f3n en Anisacate por el equipo de Jorge Rojas, productor del encuentro.<\/p>\n\n\n\n<figure class=\"wp-block-image size-full\"><img loading=\"lazy\" decoding=\"async\" width=\"1023\" height=\"682\" src=\"https:\/\/www.todoeldia.com\/wp-content\/uploads\/2024\/02\/image-76.png\" alt=\"\" class=\"wp-image-73160\" srcset=\"https:\/\/www.todoeldia.com\/wp-content\/uploads\/2024\/02\/image-76.png 1023w, https:\/\/www.todoeldia.com\/wp-content\/uploads\/2024\/02\/image-76-300x200.png 300w, https:\/\/www.todoeldia.com\/wp-content\/uploads\/2024\/02\/image-76-768x512.png 768w, https:\/\/www.todoeldia.com\/wp-content\/uploads\/2024\/02\/image-76-696x464.png 696w, https:\/\/www.todoeldia.com\/wp-content\/uploads\/2024\/02\/image-76-630x420.png 630w\" sizes=\"auto, (max-width: 1023px) 100vw, 1023px\" \/><\/figure>\n\n\n\n<p>El show comenz\u00f3 con una introducci\u00f3n en danza que estuvo a cargo de la pareja y la hija del cantor y sigui\u00f3 con la banda soporte Saypa. La presentaci\u00f3n del evento cont\u00f3 con la locuci\u00f3n de Cristian Baz\u00e1n.<\/p>\n\n\n\n<p>Jorge Rojas brind\u00f3 un excelente show de poco menos de una hora y luego fue el turno de Los Nocheros que hicieron lo propio en formato tr\u00edo ya sin Kike Teruel.<\/p>\n\n\n\n<p>Finalmente, del cantor instalado en C\u00f3rdoba se reuni\u00f3 con un emotivo repaso por los \u00e9xitos de aquella \u00e9poca a sus viejos compa\u00f1eros.<\/p>\n\n\n\n<p>El espect\u00e1culo termin\u00f3 entrada la madrugada a las 2 de la ma\u00f1ana.<\/p>\n\n\n\n<p>PARA IR<\/p>\n\n\n\n<p>Jorge Rojas y Los Nocheros, el reencuentro. En La Yapa (ruta E-56 km 2, Anisacate). S\u00e1bado 17 desde las 21 con entradas agotadas. Nuevas funciones, viernes 23 y s\u00e1bado 24 desde las 21. Ubicaciones disponibles, de $ 15 mil a $ 90 mil en tulugar.boleteriadigital.com.ar<\/p>\n","protected":false},"excerpt":{"rendered":"<p>El cantor se volvi\u00f3 a reunir con su hist\u00f3rico grupo para cuatro presentaciones en La Yapa, el espacio que construy\u00f3 en el patio de su casa en Anisacate. Casi 20 a\u00f1os tuvieron que pasar para que se produjera un reencuentro sobre un escenario de los m\u00e1s esperados para la m\u00fasica popular argentina: el de Jorge [&hellip;]<\/p>\n","protected":false},"author":2,"featured_media":73158,"comment_status":"open","ping_status":"open","sticky":false,"template":"","format":"standard","meta":{"tdm_status":"","tdm_grid_status":"","_joinchat":[],"footnotes":""},"categories":[73],"tags":[],"class_list":{"0":"post-73157","1":"post","2":"type-post","3":"status-publish","4":"format-standard","5":"has-post-thumbnail","7":"category-noticias-general"},"amp_enabled":true,"_links":{"self":[{"href":"https:\/\/www.todoeldia.com\/index.php\/wp-json\/wp\/v2\/posts\/73157","targetHints":{"allow":["GET"]}}],"collection":[{"href":"https:\/\/www.todoeldia.com\/index.php\/wp-json\/wp\/v2\/posts"}],"about":[{"href":"https:\/\/www.todoeldia.com\/index.php\/wp-json\/wp\/v2\/types\/post"}],"author":[{"embeddable":true,"href":"https:\/\/www.todoeldia.com\/index.php\/wp-json\/wp\/v2\/users\/2"}],"replies":[{"embeddable":true,"href":"https:\/\/www.todoeldia.com\/index.php\/wp-json\/wp\/v2\/comments?post=73157"}],"version-history":[{"count":3,"href":"https:\/\/www.todoeldia.com\/index.php\/wp-json\/wp\/v2\/posts\/73157\/revisions"}],"predecessor-version":[{"id":73163,"href":"https:\/\/www.todoeldia.com\/index.php\/wp-json\/wp\/v2\/posts\/73157\/revisions\/73163"}],"wp:featuredmedia":[{"embeddable":true,"href":"https:\/\/www.todoeldia.com\/index.php\/wp-json\/wp\/v2\/media\/73158"}],"wp:attachment":[{"href":"https:\/\/www.todoeldia.com\/index.php\/wp-json\/wp\/v2\/media?parent=73157"}],"wp:term":[{"taxonomy":"category","embeddable":true,"href":"https:\/\/www.todoeldia.com\/index.php\/wp-json\/wp\/v2\/categories?post=73157"},{"taxonomy":"post_tag","embeddable":true,"href":"https:\/\/www.todoeldia.com\/index.php\/wp-json\/wp\/v2\/tags?post=73157"}],"curies":[{"name":"wp","href":"https:\/\/api.w.org\/{rel}","templated":true}]}}