{"id":73164,"date":"2024-02-17T13:30:38","date_gmt":"2024-02-17T16:30:38","guid":{"rendered":"https:\/\/www.todoeldia.com\/?p=73164"},"modified":"2024-02-17T13:38:39","modified_gmt":"2024-02-17T16:38:39","slug":"en-general-pizarro-y-cabeza-de-buey-secuestran-mas-de-19-kilos-de-cocaina","status":"publish","type":"post","link":"https:\/\/www.todoeldia.com\/index.php\/2024\/02\/17\/en-general-pizarro-y-cabeza-de-buey-secuestran-mas-de-19-kilos-de-cocaina\/","title":{"rendered":"En General Pizarro y Cabeza de Buey secuestran m\u00e1s de 19 kilos de coca\u00edna"},"content":{"rendered":"\n<p>En el primero, los gendarmes hallaron la droga acondicionada en 14 paquetes en la parte posterior de los asientos de un veh\u00edculo.<\/p>\n\n\n\n<p>En el segundo, los funcionarios requisaron al ciudadano y la zona del tanque de combustible de su rodado y descubrieron cinco paquetes, una bocha y tres envoltorios con el mismo estupefaciente.<\/p>\n\n\n\n<figure class=\"wp-block-embed is-type-rich is-provider-twitter wp-block-embed-twitter\"><div class=\"wp-block-embed__wrapper\">\n<blockquote class=\"twitter-tweet\" data-width=\"550\" data-dnt=\"true\"><p lang=\"es\" dir=\"ltr\"><a href=\"https:\/\/twitter.com\/hashtag\/Narcotr%C3%A1fico?src=hash&amp;ref_src=twsrc%5Etfw\">#Narcotr\u00e1fico<\/a> <a href=\"https:\/\/twitter.com\/hashtag\/Salta?src=hash&amp;ref_src=twsrc%5Etfw\">#Salta<\/a><br>Secuestran m\u00e1s de 19 kilos de coca\u00edna en dos procedimientos y detienen a dos ciudadanos.<br><br>\ud83d\udc49\ud83c\udffb En el primero, los <a href=\"https:\/\/twitter.com\/hashtag\/gendarmes?src=hash&amp;ref_src=twsrc%5Etfw\">#gendarmes<\/a> hallaron la droga en 14 paquetes en la parte posterior de los asientos de un veh\u00edculo. <a href=\"https:\/\/t.co\/EzRj6D8z8q\">pic.twitter.com\/EzRj6D8z8q<\/a><\/p>&mdash; Gendarmer\u00eda Nacional (@gendarmeria) <a href=\"https:\/\/twitter.com\/gendarmeria\/status\/1758859504991568223?ref_src=twsrc%5Etfw\">February 17, 2024<\/a><\/blockquote><script async src=\"https:\/\/platform.twitter.com\/widgets.js\" charset=\"utf-8\"><\/script>\n<\/div><\/figure>\n\n\n\n<p>Hay dos detenidos.<\/p>\n\n\n\n<p>Integrantes de la Secci\u00f3n \u201cLas Lajitas\u201d, dependientes del Escuadr\u00f3n 45 \u201cSalta\u201d realizaban un operativo de prevenci\u00f3n vial sobre la Ruta Provincial N\u00b05, a la altura de la localidad de General Pizarro, cuando detuvieron la marcha de un auto conducido por una ciudadana.<\/p>\n\n\n\n<figure class=\"wp-block-image size-full is-resized\"><img loading=\"lazy\" decoding=\"async\" width=\"800\" height=\"600\" src=\"https:\/\/www.todoeldia.com\/wp-content\/uploads\/2024\/02\/15-kilos-de-cocaina-en-lajitas.jpg\" alt=\"\" class=\"wp-image-73166\" style=\"width:1068px;height:auto\" srcset=\"https:\/\/www.todoeldia.com\/wp-content\/uploads\/2024\/02\/15-kilos-de-cocaina-en-lajitas.jpg 800w, https:\/\/www.todoeldia.com\/wp-content\/uploads\/2024\/02\/15-kilos-de-cocaina-en-lajitas-300x225.jpg 300w, https:\/\/www.todoeldia.com\/wp-content\/uploads\/2024\/02\/15-kilos-de-cocaina-en-lajitas-768x576.jpg 768w, https:\/\/www.todoeldia.com\/wp-content\/uploads\/2024\/02\/15-kilos-de-cocaina-en-lajitas-696x522.jpg 696w, https:\/\/www.todoeldia.com\/wp-content\/uploads\/2024\/02\/15-kilos-de-cocaina-en-lajitas-560x420.jpg 560w, https:\/\/www.todoeldia.com\/wp-content\/uploads\/2024\/02\/15-kilos-de-cocaina-en-lajitas-80x60.jpg 80w, https:\/\/www.todoeldia.com\/wp-content\/uploads\/2024\/02\/15-kilos-de-cocaina-en-lajitas-265x198.jpg 265w\" sizes=\"auto, (max-width: 800px) 100vw, 800px\" \/><\/figure>\n\n\n\n<p>Al momento de la inspecci\u00f3n del rodado, los funcionarios observaron la existencia de 14 paquetes rectangulares que conten\u00edan una sustancia blancuzca en la parte posterior de los asientos traseros.<\/p>\n\n\n\n<p>En tanto, en un segundo operativo llevado a cabo por personal de la Secci\u00f3n Vial \u201cCabeza de Buey\u201d de la misma Unidad, los uniformados inspeccionaron un autom\u00f3vil que circulaba sobre la intersecci\u00f3n de las Rutas Nacionales N\u00b0 9 y N\u00b0 34 con un ocupante y hallaron cinco paquetes rectangulares, una bocha y tres envoltorios con caracter\u00edsticas similares al procedimiento anterior.<\/p>\n\n\n\n<figure class=\"wp-block-image size-full is-resized\"><img loading=\"lazy\" decoding=\"async\" width=\"1000\" height=\"450\" src=\"https:\/\/www.todoeldia.com\/wp-content\/uploads\/2024\/02\/5-kilos-de-cocaina-cabeza-de-buey.jpg\" alt=\"\" class=\"wp-image-73167\" style=\"width:1068px;height:auto\" srcset=\"https:\/\/www.todoeldia.com\/wp-content\/uploads\/2024\/02\/5-kilos-de-cocaina-cabeza-de-buey.jpg 1000w, https:\/\/www.todoeldia.com\/wp-content\/uploads\/2024\/02\/5-kilos-de-cocaina-cabeza-de-buey-300x135.jpg 300w, https:\/\/www.todoeldia.com\/wp-content\/uploads\/2024\/02\/5-kilos-de-cocaina-cabeza-de-buey-768x346.jpg 768w, https:\/\/www.todoeldia.com\/wp-content\/uploads\/2024\/02\/5-kilos-de-cocaina-cabeza-de-buey-696x313.jpg 696w, https:\/\/www.todoeldia.com\/wp-content\/uploads\/2024\/02\/5-kilos-de-cocaina-cabeza-de-buey-933x420.jpg 933w\" sizes=\"auto, (max-width: 1000px) 100vw, 1000px\" \/><\/figure>\n\n\n\n<p>Personal de Criminal\u00edstica y Estudios Forenses realiz\u00f3 las pruebas de Campo Narcotest sobre lo hallado, que arrojaron resultado positivo para \u201cClorhidrato de coca\u00edna\u201d en ambos casos, con un total de 14 kilos 575 gramos en el primero y 5 kilos 299 gramos en el segundo.<\/p>\n\n\n\n<p>En ambos hechos intervino la Unidad Fiscal Federal de Salta, que orient\u00f3 la detenci\u00f3n de los dos involucrados, el secuestro de la droga y de los rodados, en infracci\u00f3n a la Ley 23.737 de \u201cEstupefacientes\u201d.<\/p>\n","protected":false},"excerpt":{"rendered":"<p>En el primero, los gendarmes hallaron la droga acondicionada en 14 paquetes en la parte posterior de los asientos de un veh\u00edculo. En el segundo, los funcionarios requisaron al ciudadano y la zona del tanque de combustible de su rodado y descubrieron cinco paquetes, una bocha y tres envoltorios con el mismo estupefaciente. Hay dos [&hellip;]<\/p>\n","protected":false},"author":2,"featured_media":73165,"comment_status":"open","ping_status":"open","sticky":false,"template":"","format":"standard","meta":{"tdm_status":"","tdm_grid_status":"","_joinchat":[],"footnotes":""},"categories":[63],"tags":[],"class_list":{"0":"post-73164","1":"post","2":"type-post","3":"status-publish","4":"format-standard","5":"has-post-thumbnail","7":"category-policiales"},"amp_enabled":true,"_links":{"self":[{"href":"https:\/\/www.todoeldia.com\/index.php\/wp-json\/wp\/v2\/posts\/73164","targetHints":{"allow":["GET"]}}],"collection":[{"href":"https:\/\/www.todoeldia.com\/index.php\/wp-json\/wp\/v2\/posts"}],"about":[{"href":"https:\/\/www.todoeldia.com\/index.php\/wp-json\/wp\/v2\/types\/post"}],"author":[{"embeddable":true,"href":"https:\/\/www.todoeldia.com\/index.php\/wp-json\/wp\/v2\/users\/2"}],"replies":[{"embeddable":true,"href":"https:\/\/www.todoeldia.com\/index.php\/wp-json\/wp\/v2\/comments?post=73164"}],"version-history":[{"count":2,"href":"https:\/\/www.todoeldia.com\/index.php\/wp-json\/wp\/v2\/posts\/73164\/revisions"}],"predecessor-version":[{"id":73169,"href":"https:\/\/www.todoeldia.com\/index.php\/wp-json\/wp\/v2\/posts\/73164\/revisions\/73169"}],"wp:featuredmedia":[{"embeddable":true,"href":"https:\/\/www.todoeldia.com\/index.php\/wp-json\/wp\/v2\/media\/73165"}],"wp:attachment":[{"href":"https:\/\/www.todoeldia.com\/index.php\/wp-json\/wp\/v2\/media?parent=73164"}],"wp:term":[{"taxonomy":"category","embeddable":true,"href":"https:\/\/www.todoeldia.com\/index.php\/wp-json\/wp\/v2\/categories?post=73164"},{"taxonomy":"post_tag","embeddable":true,"href":"https:\/\/www.todoeldia.com\/index.php\/wp-json\/wp\/v2\/tags?post=73164"}],"curies":[{"name":"wp","href":"https:\/\/api.w.org\/{rel}","templated":true}]}}