{"id":73170,"date":"2024-02-17T14:30:35","date_gmt":"2024-02-17T17:30:35","guid":{"rendered":"https:\/\/www.todoeldia.com\/?p=73170"},"modified":"2024-02-17T14:30:36","modified_gmt":"2024-02-17T17:30:36","slug":"el-proximo-fin-de-semana-largo-tendra-seis-dias-cuando-sera","status":"publish","type":"post","link":"https:\/\/www.todoeldia.com\/index.php\/2024\/02\/17\/el-proximo-fin-de-semana-largo-tendra-seis-dias-cuando-sera\/","title":{"rendered":"El pr\u00f3ximo fin de semana largo tendr\u00e1 seis d\u00edas: cu\u00e1ndo ser\u00e1"},"content":{"rendered":"\n<p>Se unen dos fechas conmemorativas y se arma un gran per\u00edodo de descanso en la Argentina.<\/p>\n\n\n\n<p>Luego de lo que fueron los feriados por carnaval, que registraron un alto nivel de ocupaci\u00f3n en la Argentina, se viene un nuevo fin de semana extra largo que tendr\u00e1 seis d\u00edas y es una ocasi\u00f3n ideal para hacer turismo por el pa\u00eds e incluso por el extranjero.<\/p>\n\n\n\n<p>En el cronograma 2024 establecido por el Poder Ejecutivo el pr\u00f3ximo feriado que se viene es el 24 de marzo, el D\u00eda Nacional de la Memoria por la Verdad y Justicia que rinde homenaje a los desaparecidos y las v\u00edctimas de la \u00faltima dictadura militar, aunque cae domingo y no se arma un fin de semana largo.<\/p>\n\n\n\n<p>Sin embargo, una semana despu\u00e9s se juntan las conmemoraciones de Semana Santa y el D\u00eda del Veterano y de los Ca\u00eddos en la Guerra de Malvinas, por lo que se termina armando el mencionado fin de semana extra largo de seis d\u00edas, que est\u00e1 compuesto de la siguiente manera:<\/p>\n\n\n\n<p>Jueves 28 de marzo: Jueves Santo (declarado d\u00eda no laborable)<\/p>\n\n\n\n<p>Viernes 29 de marzo: Viernes Santo (d\u00eda inamovible)<\/p>\n\n\n\n<p>S\u00e1bado 30 y domingo 31 de marzo: contin\u00faa el descanso<\/p>\n\n\n\n<p>Lunes 1\u00b0 de abril: feriado puente tur\u00edstico<\/p>\n\n\n\n<p>Martes 2 de abril: D\u00eda del Veterano y de los Ca\u00eddos en la Guerra de Malvinas<\/p>\n","protected":false},"excerpt":{"rendered":"<p>Se unen dos fechas conmemorativas y se arma un gran per\u00edodo de descanso en la Argentina. Luego de lo que fueron los feriados por carnaval, que registraron un alto nivel de ocupaci\u00f3n en la Argentina, se viene un nuevo fin de semana extra largo que tendr\u00e1 seis d\u00edas y es una ocasi\u00f3n ideal para hacer [&hellip;]<\/p>\n","protected":false},"author":2,"featured_media":65103,"comment_status":"open","ping_status":"open","sticky":false,"template":"","format":"standard","meta":{"tdm_status":"","tdm_grid_status":"","_joinchat":[],"footnotes":""},"categories":[73],"tags":[],"class_list":{"0":"post-73170","1":"post","2":"type-post","3":"status-publish","4":"format-standard","5":"has-post-thumbnail","7":"category-noticias-general"},"amp_enabled":true,"_links":{"self":[{"href":"https:\/\/www.todoeldia.com\/index.php\/wp-json\/wp\/v2\/posts\/73170","targetHints":{"allow":["GET"]}}],"collection":[{"href":"https:\/\/www.todoeldia.com\/index.php\/wp-json\/wp\/v2\/posts"}],"about":[{"href":"https:\/\/www.todoeldia.com\/index.php\/wp-json\/wp\/v2\/types\/post"}],"author":[{"embeddable":true,"href":"https:\/\/www.todoeldia.com\/index.php\/wp-json\/wp\/v2\/users\/2"}],"replies":[{"embeddable":true,"href":"https:\/\/www.todoeldia.com\/index.php\/wp-json\/wp\/v2\/comments?post=73170"}],"version-history":[{"count":1,"href":"https:\/\/www.todoeldia.com\/index.php\/wp-json\/wp\/v2\/posts\/73170\/revisions"}],"predecessor-version":[{"id":73171,"href":"https:\/\/www.todoeldia.com\/index.php\/wp-json\/wp\/v2\/posts\/73170\/revisions\/73171"}],"wp:featuredmedia":[{"embeddable":true,"href":"https:\/\/www.todoeldia.com\/index.php\/wp-json\/wp\/v2\/media\/65103"}],"wp:attachment":[{"href":"https:\/\/www.todoeldia.com\/index.php\/wp-json\/wp\/v2\/media?parent=73170"}],"wp:term":[{"taxonomy":"category","embeddable":true,"href":"https:\/\/www.todoeldia.com\/index.php\/wp-json\/wp\/v2\/categories?post=73170"},{"taxonomy":"post_tag","embeddable":true,"href":"https:\/\/www.todoeldia.com\/index.php\/wp-json\/wp\/v2\/tags?post=73170"}],"curies":[{"name":"wp","href":"https:\/\/api.w.org\/{rel}","templated":true}]}}