{"id":73345,"date":"2024-02-20T12:47:53","date_gmt":"2024-02-20T15:47:53","guid":{"rendered":"https:\/\/www.todoeldia.com\/?p=73345"},"modified":"2024-02-20T12:47:54","modified_gmt":"2024-02-20T15:47:54","slug":"lanata-disgustado-con-milei-hizo-el-ajuste-en-base-a-la-gente-no-la-casta","status":"publish","type":"post","link":"https:\/\/www.todoeldia.com\/index.php\/2024\/02\/20\/lanata-disgustado-con-milei-hizo-el-ajuste-en-base-a-la-gente-no-la-casta\/","title":{"rendered":"Lanata, disgustado con Milei: &#8220;Hizo el ajuste en base a la gente, no la casta&#8221;"},"content":{"rendered":"\n<p>El periodista fue cr\u00edtico de los primeros dos meses de gesti\u00f3n del libertario. &#8220;Vot\u00e9 en blanco y no me arrepiento&#8221;, lanz\u00f3.<\/p>\n\n\n\n<p>En el debut de &#8220;\u00bfLa ven?\u201d, el nuevo programa de TN conducido por Joni Viale, fue entrevistado Jorge Lanata y dej\u00f3 interesantes reflexiones sobre la actualidad econ\u00f3mica y pol\u00edtica del pa\u00eds.<\/p>\n\n\n\n<p>La parte m\u00e1s cr\u00edtica de su an\u00e1lisis fue respeto al famoso ajuste, que para el periodista, \u201ctermin\u00f3 siendo en base a la gente\u201d. &#8220;A la casta no le quitaron mucho, casi nada\u201d, afirm\u00f3 molesto. Adem\u00e1s, revel\u00f3 que no ve al presidente como alguien capaz de levantar esta situaci\u00f3n socioecon\u00f3mica.<\/p>\n\n\n\n<p>\u201cYo vot\u00e9 en blanco y no me arrepiento porque estoy harto de que pase siempre lo mismo. No me gustaba ninguno de los dos candidatos, lo m\u00e1s sincero era decir que no a ambos\u201d, asegur\u00f3.<\/p>\n\n\n\n<p>Remarc\u00f3 que &#8220;el plan de Patricia Bullrich lo entiendo, pero cuando escucho hablar a Javier Milei me parece contradictorio por sus propias declaraciones y econ\u00f3micamente raro. No entiendo por qu\u00e9 habr\u00eda una reactivaci\u00f3n en la Argentina y tampoco entiendo qu\u00e9 pasar\u00eda en el medio\u201d.<\/p>\n\n\n\n<p>\u201cEntre que cambiamos las leyes y vienen las inversiones, hay un tiempo, y en ese tiempo&#8230; \u00bfQu\u00e9 pasa con la gente? \u00bfQu\u00e9 hacemos con la gente?\u201d, insisti\u00f3 el conductor de Periodismo Para Todos.<\/p>\n\n\n\n<p>Cuando le dijeron que Milei hab\u00eda asegurado que la inflaci\u00f3n bajar\u00eda, el periodista respondi\u00f3 con iron\u00eda: \u201cVa ir bajando, pero termina de bajar el d\u00eda del arquero\u201d.<\/p>\n\n\n\n<p>Lanata tambi\u00e9n embisti\u00f3 al kirchnerismo: \u201cCuando el kirchnerista no est\u00e1 en el poder, es oposici\u00f3n, incluso contra ellos mismos. Hay una ley para ellos y otra para todos los dem\u00e1s. Lo que quieren hacer es golpear primero\u201d.<\/p>\n","protected":false},"excerpt":{"rendered":"<p>El periodista fue cr\u00edtico de los primeros dos meses de gesti\u00f3n del libertario. &#8220;Vot\u00e9 en blanco y no me arrepiento&#8221;, lanz\u00f3. En el debut de &#8220;\u00bfLa ven?\u201d, el nuevo programa de TN conducido por Joni Viale, fue entrevistado Jorge Lanata y dej\u00f3 interesantes reflexiones sobre la actualidad econ\u00f3mica y pol\u00edtica del pa\u00eds. La parte m\u00e1s [&hellip;]<\/p>\n","protected":false},"author":2,"featured_media":38118,"comment_status":"open","ping_status":"open","sticky":false,"template":"","format":"standard","meta":{"tdm_status":"","tdm_grid_status":"","_joinchat":[],"footnotes":""},"categories":[59],"tags":[],"class_list":{"0":"post-73345","1":"post","2":"type-post","3":"status-publish","4":"format-standard","5":"has-post-thumbnail","7":"category-politica"},"amp_enabled":true,"_links":{"self":[{"href":"https:\/\/www.todoeldia.com\/index.php\/wp-json\/wp\/v2\/posts\/73345","targetHints":{"allow":["GET"]}}],"collection":[{"href":"https:\/\/www.todoeldia.com\/index.php\/wp-json\/wp\/v2\/posts"}],"about":[{"href":"https:\/\/www.todoeldia.com\/index.php\/wp-json\/wp\/v2\/types\/post"}],"author":[{"embeddable":true,"href":"https:\/\/www.todoeldia.com\/index.php\/wp-json\/wp\/v2\/users\/2"}],"replies":[{"embeddable":true,"href":"https:\/\/www.todoeldia.com\/index.php\/wp-json\/wp\/v2\/comments?post=73345"}],"version-history":[{"count":1,"href":"https:\/\/www.todoeldia.com\/index.php\/wp-json\/wp\/v2\/posts\/73345\/revisions"}],"predecessor-version":[{"id":73346,"href":"https:\/\/www.todoeldia.com\/index.php\/wp-json\/wp\/v2\/posts\/73345\/revisions\/73346"}],"wp:featuredmedia":[{"embeddable":true,"href":"https:\/\/www.todoeldia.com\/index.php\/wp-json\/wp\/v2\/media\/38118"}],"wp:attachment":[{"href":"https:\/\/www.todoeldia.com\/index.php\/wp-json\/wp\/v2\/media?parent=73345"}],"wp:term":[{"taxonomy":"category","embeddable":true,"href":"https:\/\/www.todoeldia.com\/index.php\/wp-json\/wp\/v2\/categories?post=73345"},{"taxonomy":"post_tag","embeddable":true,"href":"https:\/\/www.todoeldia.com\/index.php\/wp-json\/wp\/v2\/tags?post=73345"}],"curies":[{"name":"wp","href":"https:\/\/api.w.org\/{rel}","templated":true}]}}