{"id":73350,"date":"2024-02-20T14:03:51","date_gmt":"2024-02-20T17:03:51","guid":{"rendered":"https:\/\/www.todoeldia.com\/?p=73350"},"modified":"2024-02-20T14:03:52","modified_gmt":"2024-02-20T17:03:52","slug":"tension-en-el-monumento-20-de-febrero-proteccionistas-querian-impedir-el-desfile-con-caballos","status":"publish","type":"post","link":"https:\/\/www.todoeldia.com\/index.php\/2024\/02\/20\/tension-en-el-monumento-20-de-febrero-proteccionistas-querian-impedir-el-desfile-con-caballos\/","title":{"rendered":"Tensi\u00f3n en el monumento 20 de Febrero: proteccionistas quer\u00edan impedir el desfile con caballos"},"content":{"rendered":"\n<p>Un grupo de mujeres proteccionistas de animales intent\u00f3 frenar hoy el desfile que se realizaba en el monumento 20 de Febrero. Solicitaban la liberaci\u00f3n de los caballos y terminar con estas pr\u00e1cticas de abuso a los animales.<\/p>\n\n\n\n<figure class=\"wp-block-image size-full is-resized\"><img loading=\"lazy\" decoding=\"async\" width=\"870\" height=\"496\" src=\"https:\/\/www.todoeldia.com\/wp-content\/uploads\/2021\/06\/desfile-gauchos-de-guemes-1.jpg\" alt=\"\" class=\"wp-image-24704\" style=\"width:1068px;height:auto\" srcset=\"https:\/\/www.todoeldia.com\/wp-content\/uploads\/2021\/06\/desfile-gauchos-de-guemes-1.jpg 870w, https:\/\/www.todoeldia.com\/wp-content\/uploads\/2021\/06\/desfile-gauchos-de-guemes-1-300x171.jpg 300w, https:\/\/www.todoeldia.com\/wp-content\/uploads\/2021\/06\/desfile-gauchos-de-guemes-1-768x438.jpg 768w, https:\/\/www.todoeldia.com\/wp-content\/uploads\/2021\/06\/desfile-gauchos-de-guemes-1-696x397.jpg 696w, https:\/\/www.todoeldia.com\/wp-content\/uploads\/2021\/06\/desfile-gauchos-de-guemes-1-737x420.jpg 737w\" sizes=\"auto, (max-width: 870px) 100vw, 870px\" \/><\/figure>\n\n\n\n<p>Cruzaron el vallado debido a que hab\u00eda un estricto control por la presencia de la vicepresidenta Victoria Villarruel, el ministro del Interior, Guillermo Francos y gobernadores, por lo que fueron neutralizados por efectivos policiales que impidieron que llegaran a cortar el desfile de gauchos.<\/p>\n","protected":false},"excerpt":{"rendered":"<p>Un grupo de mujeres proteccionistas de animales intent\u00f3 frenar hoy el desfile que se realizaba en el monumento 20 de Febrero. Solicitaban la liberaci\u00f3n de los caballos y terminar con estas pr\u00e1cticas de abuso a los animales. Cruzaron el vallado debido a que hab\u00eda un estricto control por la presencia de la vicepresidenta Victoria Villarruel, [&hellip;]<\/p>\n","protected":false},"author":2,"featured_media":73351,"comment_status":"open","ping_status":"open","sticky":false,"template":"","format":"standard","meta":{"tdm_status":"","tdm_grid_status":"","_joinchat":[],"footnotes":""},"categories":[73],"tags":[],"class_list":{"0":"post-73350","1":"post","2":"type-post","3":"status-publish","4":"format-standard","5":"has-post-thumbnail","7":"category-noticias-general"},"amp_enabled":true,"_links":{"self":[{"href":"https:\/\/www.todoeldia.com\/index.php\/wp-json\/wp\/v2\/posts\/73350","targetHints":{"allow":["GET"]}}],"collection":[{"href":"https:\/\/www.todoeldia.com\/index.php\/wp-json\/wp\/v2\/posts"}],"about":[{"href":"https:\/\/www.todoeldia.com\/index.php\/wp-json\/wp\/v2\/types\/post"}],"author":[{"embeddable":true,"href":"https:\/\/www.todoeldia.com\/index.php\/wp-json\/wp\/v2\/users\/2"}],"replies":[{"embeddable":true,"href":"https:\/\/www.todoeldia.com\/index.php\/wp-json\/wp\/v2\/comments?post=73350"}],"version-history":[{"count":1,"href":"https:\/\/www.todoeldia.com\/index.php\/wp-json\/wp\/v2\/posts\/73350\/revisions"}],"predecessor-version":[{"id":73352,"href":"https:\/\/www.todoeldia.com\/index.php\/wp-json\/wp\/v2\/posts\/73350\/revisions\/73352"}],"wp:featuredmedia":[{"embeddable":true,"href":"https:\/\/www.todoeldia.com\/index.php\/wp-json\/wp\/v2\/media\/73351"}],"wp:attachment":[{"href":"https:\/\/www.todoeldia.com\/index.php\/wp-json\/wp\/v2\/media?parent=73350"}],"wp:term":[{"taxonomy":"category","embeddable":true,"href":"https:\/\/www.todoeldia.com\/index.php\/wp-json\/wp\/v2\/categories?post=73350"},{"taxonomy":"post_tag","embeddable":true,"href":"https:\/\/www.todoeldia.com\/index.php\/wp-json\/wp\/v2\/tags?post=73350"}],"curies":[{"name":"wp","href":"https:\/\/api.w.org\/{rel}","templated":true}]}}