{"id":73355,"date":"2024-02-20T23:05:44","date_gmt":"2024-02-21T02:05:44","guid":{"rendered":"https:\/\/www.todoeldia.com\/?p=73355"},"modified":"2024-02-20T23:05:45","modified_gmt":"2024-02-21T02:05:45","slug":"horror-en-el-cementerio-de-la-plata-encontraron-500-ataudes-abandonados-y-200-bolsas-con-huesos-humanos","status":"publish","type":"post","link":"https:\/\/www.todoeldia.com\/index.php\/2024\/02\/20\/horror-en-el-cementerio-de-la-plata-encontraron-500-ataudes-abandonados-y-200-bolsas-con-huesos-humanos\/","title":{"rendered":"Horror en el Cementerio de La Plata: encontraron 500 ata\u00fades abandonados y 200 bolsas con huesos humanos"},"content":{"rendered":"\n<p>Tambi\u00e9n hab\u00eda cad\u00e1veres putrefactos, cientos de f\u00e9retros de personas adultas y 22 de ni\u00f1os que ten\u00edan la inscripci\u00f3n \u201cangelitos\u201d. La Municipalidad radic\u00f3 una denuncia penal.<\/p>\n\n\n\n<p>Este martes se produjo un macabro hallazgo en el Cementerio de La Plata, donde descubrieron m\u00e1s de 500 ata\u00fades y 200 bolsas con huesos humanos que estaban abandonados en distintos dep\u00f3sitos.<\/p>\n\n\n\n<figure class=\"wp-block-image size-full is-resized\"><img loading=\"lazy\" decoding=\"async\" width=\"893\" height=\"500\" src=\"https:\/\/www.todoeldia.com\/wp-content\/uploads\/2024\/02\/cementerio-la-plata-1.jpg\" alt=\"\" class=\"wp-image-73357\" style=\"width:1068px;height:auto\" srcset=\"https:\/\/www.todoeldia.com\/wp-content\/uploads\/2024\/02\/cementerio-la-plata-1.jpg 893w, https:\/\/www.todoeldia.com\/wp-content\/uploads\/2024\/02\/cementerio-la-plata-1-300x168.jpg 300w, https:\/\/www.todoeldia.com\/wp-content\/uploads\/2024\/02\/cementerio-la-plata-1-768x430.jpg 768w, https:\/\/www.todoeldia.com\/wp-content\/uploads\/2024\/02\/cementerio-la-plata-1-696x390.jpg 696w, https:\/\/www.todoeldia.com\/wp-content\/uploads\/2024\/02\/cementerio-la-plata-1-750x420.jpg 750w\" sizes=\"auto, (max-width: 893px) 100vw, 893px\" \/><\/figure>\n\n\n\n<p>Tambi\u00e9n hab\u00eda cad\u00e1veres putrefactos, cientos de f\u00e9retros de personas adultas y 22 de ni\u00f1os que ten\u00edan la inscripci\u00f3n \u201cangelitos\u201d. Desde la Comuna decidieron denunciar el hecho ante la Justicia.<\/p>\n\n\n\n<p>Seg\u00fan informaron fuentes oficiales a TN, el operativo fue ordenado por el intendente Julio Alak y se hizo en conjunto con la Direcci\u00f3n Provincial de Registro de Personas Desaparecidas del Ministerio de Seguridad bonaerense. Cont\u00f3 con un relevamiento en cuatro dep\u00f3sitos donde se encontraron \u201cdiversas anomal\u00edas\u201d.<\/p>\n\n\n\n<figure class=\"wp-block-image size-full is-resized\"><img loading=\"lazy\" decoding=\"async\" width=\"893\" height=\"500\" src=\"https:\/\/www.todoeldia.com\/wp-content\/uploads\/2024\/02\/cementerio-la-plata3.jpg\" alt=\"\" class=\"wp-image-73358\" style=\"width:1068px;height:auto\" srcset=\"https:\/\/www.todoeldia.com\/wp-content\/uploads\/2024\/02\/cementerio-la-plata3.jpg 893w, https:\/\/www.todoeldia.com\/wp-content\/uploads\/2024\/02\/cementerio-la-plata3-300x168.jpg 300w, https:\/\/www.todoeldia.com\/wp-content\/uploads\/2024\/02\/cementerio-la-plata3-768x430.jpg 768w, https:\/\/www.todoeldia.com\/wp-content\/uploads\/2024\/02\/cementerio-la-plata3-696x390.jpg 696w, https:\/\/www.todoeldia.com\/wp-content\/uploads\/2024\/02\/cementerio-la-plata3-750x420.jpg 750w\" sizes=\"auto, (max-width: 893px) 100vw, 893px\" \/><\/figure>\n\n\n\n<p>Desde el municipio aclararon que estos espacios en donde se produjeron los hallazgos no eran morgues ni estaban destinados a la conservaci\u00f3n de cad\u00e1veres o restos humanos.<\/p>\n\n\n\n<p>Seg\u00fan se precis\u00f3, en el pante\u00f3n denominado \u201cProtectora\u201d hab\u00eda 16 cajones de madera con una protecci\u00f3n interior met\u00e1lica, que pareciera ser de una b\u00f3veda o de un nicho. Las cajas no ten\u00edan nombre y ninguna chapa con informaci\u00f3n del cuerpo.<\/p>\n\n\n\n<p>Adem\u00e1s, en una habitaci\u00f3n a la que se llega a trav\u00e9s de un subsuelo con escalera, hab\u00eda un fuerte olor nauseabundo, y f\u00e9retros en el piso con agua estancada.<\/p>\n\n\n\n<figure class=\"wp-block-image size-full is-resized\"><img loading=\"lazy\" decoding=\"async\" width=\"888\" height=\"500\" src=\"https:\/\/www.todoeldia.com\/wp-content\/uploads\/2024\/02\/cementerio-la-plata4-1.jpg\" alt=\"\" class=\"wp-image-73359\" style=\"width:1070px;height:auto\" srcset=\"https:\/\/www.todoeldia.com\/wp-content\/uploads\/2024\/02\/cementerio-la-plata4-1.jpg 888w, https:\/\/www.todoeldia.com\/wp-content\/uploads\/2024\/02\/cementerio-la-plata4-1-300x169.jpg 300w, https:\/\/www.todoeldia.com\/wp-content\/uploads\/2024\/02\/cementerio-la-plata4-1-768x432.jpg 768w, https:\/\/www.todoeldia.com\/wp-content\/uploads\/2024\/02\/cementerio-la-plata4-1-696x392.jpg 696w, https:\/\/www.todoeldia.com\/wp-content\/uploads\/2024\/02\/cementerio-la-plata4-1-746x420.jpg 746w\" sizes=\"auto, (max-width: 888px) 100vw, 888px\" \/><\/figure>\n\n\n\n<p>En el segundo dep\u00f3sito, denominado \u201csala de velatorios\u201d, se hallaron cerca de 200 bolsas de consorcio negras con restos \u00f3seos, muchas sin estar identificadas con nombre, nicho y ubicaci\u00f3n catastral. En este espacio tambi\u00e9n se encontraron 15 cajones de madera.<\/p>\n\n\n\n<p>Respecto al tercer dep\u00f3sito, ubicado en el segundo piso del edificio, se encontraron cientos de f\u00e9retros de personas adultas y 22 correspondientes a ni\u00f1os, ya que ten\u00edan la identificaci\u00f3n de \u201cangelitos\u201d. Tambi\u00e9n hab\u00eda bolsas de consorcios con huesos desparramados por el piso.<\/p>\n\n\n\n<p>En el cuarto dep\u00f3sito, denominado \u201cgalp\u00f3n de arena\u201d, se allanaron cuatro lugares separados con m\u00e1s de 107 ata\u00fades apilados indiscriminadamente y bolsas negras de consorcio con restos humanos.<\/p>\n\n\n\n<p>Todo el lugar estaba, seg\u00fan informaron, \u201cen muy mal estado de conservaci\u00f3n y limpieza\u201d.<\/p>\n\n\n\n<p>La presentaci\u00f3n judicial de la Comuna fue radicada ante la UFI de turno e incluye la solicitud de \u201caveriguaci\u00f3n de posibles il\u00edcitos respecto de los cuerpos y los restos \u00f3seos hallados no identificados\u201d.<\/p>\n","protected":false},"excerpt":{"rendered":"<p>Tambi\u00e9n hab\u00eda cad\u00e1veres putrefactos, cientos de f\u00e9retros de personas adultas y 22 de ni\u00f1os que ten\u00edan la inscripci\u00f3n \u201cangelitos\u201d. La Municipalidad radic\u00f3 una denuncia penal. Este martes se produjo un macabro hallazgo en el Cementerio de La Plata, donde descubrieron m\u00e1s de 500 ata\u00fades y 200 bolsas con huesos humanos que estaban abandonados en distintos [&hellip;]<\/p>\n","protected":false},"author":2,"featured_media":73356,"comment_status":"open","ping_status":"open","sticky":false,"template":"","format":"standard","meta":{"tdm_status":"","tdm_grid_status":"","_joinchat":[],"footnotes":""},"categories":[73],"tags":[],"class_list":{"0":"post-73355","1":"post","2":"type-post","3":"status-publish","4":"format-standard","5":"has-post-thumbnail","7":"category-noticias-general"},"amp_enabled":true,"_links":{"self":[{"href":"https:\/\/www.todoeldia.com\/index.php\/wp-json\/wp\/v2\/posts\/73355","targetHints":{"allow":["GET"]}}],"collection":[{"href":"https:\/\/www.todoeldia.com\/index.php\/wp-json\/wp\/v2\/posts"}],"about":[{"href":"https:\/\/www.todoeldia.com\/index.php\/wp-json\/wp\/v2\/types\/post"}],"author":[{"embeddable":true,"href":"https:\/\/www.todoeldia.com\/index.php\/wp-json\/wp\/v2\/users\/2"}],"replies":[{"embeddable":true,"href":"https:\/\/www.todoeldia.com\/index.php\/wp-json\/wp\/v2\/comments?post=73355"}],"version-history":[{"count":1,"href":"https:\/\/www.todoeldia.com\/index.php\/wp-json\/wp\/v2\/posts\/73355\/revisions"}],"predecessor-version":[{"id":73360,"href":"https:\/\/www.todoeldia.com\/index.php\/wp-json\/wp\/v2\/posts\/73355\/revisions\/73360"}],"wp:featuredmedia":[{"embeddable":true,"href":"https:\/\/www.todoeldia.com\/index.php\/wp-json\/wp\/v2\/media\/73356"}],"wp:attachment":[{"href":"https:\/\/www.todoeldia.com\/index.php\/wp-json\/wp\/v2\/media?parent=73355"}],"wp:term":[{"taxonomy":"category","embeddable":true,"href":"https:\/\/www.todoeldia.com\/index.php\/wp-json\/wp\/v2\/categories?post=73355"},{"taxonomy":"post_tag","embeddable":true,"href":"https:\/\/www.todoeldia.com\/index.php\/wp-json\/wp\/v2\/tags?post=73355"}],"curies":[{"name":"wp","href":"https:\/\/api.w.org\/{rel}","templated":true}]}}