{"id":73367,"date":"2024-02-21T10:32:52","date_gmt":"2024-02-21T13:32:52","guid":{"rendered":"https:\/\/www.todoeldia.com\/?p=73367"},"modified":"2024-02-21T10:32:53","modified_gmt":"2024-02-21T13:32:53","slug":"investigan-el-fondo-fiduciario-que-manejaba-juan-grabois-que-gasto-130-millones-en-viaticos-en-2023","status":"publish","type":"post","link":"https:\/\/www.todoeldia.com\/index.php\/2024\/02\/21\/investigan-el-fondo-fiduciario-que-manejaba-juan-grabois-que-gasto-130-millones-en-viaticos-en-2023\/","title":{"rendered":"Investigan el fondo fiduciario que manejaba Juan Grabois, que gast\u00f3 $130 millones en vi\u00e1ticos en 2023"},"content":{"rendered":"\n<p>En total, medido a d\u00f3lar oficial promedio en los a\u00f1os 2020, 2021, 2022 y 2023, el dirigente social manej\u00f3 directa o indirectamente US$244 millones.<\/p>\n\n\n\n<p>El fondo fiduciario que manejaba Juan Grabois gast\u00f3 $130 millones en vi\u00e1ticos y comisiones en 2023. Sin embargo, esa cifra no representa la totalidad de recursos que gestion\u00f3 el dirigente social en los cuatro a\u00f1os de gobierno de Alberto Fern\u00e1ndez, ya sea directamente a trav\u00e9s de la Secretar\u00eda de Integraci\u00f3n Socio Urbana o por intermedio de transferencias discrecionales a cooperativas que su organizaci\u00f3n, la CTEP, controla.<\/p>\n\n\n\n<p>A partir de informaci\u00f3n a la que accedi\u00f3 Clar\u00edn, se descuenta que, en total, medido a d\u00f3lar oficial promedio en el per\u00edodo 2020-2023, Grabois manej\u00f3 directa o indirectamente US$244 millones. Los datos surgen del sitio Presupuesto Abierto y de fuentes del \u00e1rea social, que reportan c\u00f3mo fueron los giros que se hicieron a trav\u00e9s de partidas por fuera del presupuesto.<\/p>\n\n\n\n<p>Integraci\u00f3n Socio Urbana fue una Secretar\u00eda dentro del extinto Ministerio de Desarrollo Social que en los cuatro a\u00f1os de gesti\u00f3n de Alberto Fern\u00e1ndez estuvo a cargo de Ramona Fernanda Mi\u00f1o, una dirigente social surgida de la villa La Cava, en San Isidro, que responde pol\u00edticamente a Grabois. De ese espacio depend\u00eda el Fondo de Integraci\u00f3n Socio Urbana (FISU), donde estaban los fondos de la pol\u00e9mica.<\/p>\n\n\n\n<p>Si bien los recursos de los programas centrales, como el Potenciar Trabajo y la Tarjeta Alimentar, depend\u00edan del Movimiento Evita y de La C\u00e1mpora, esa secretar\u00eda contaba con el tercer presupuesto en relevancia dentro del ministerio que condujeron Daniel Arroyo, Juan Zabaleta y Victoria Tolosa Paz, respectivamente.<\/p>\n\n\n\n<figure class=\"wp-block-image size-full is-resized\"><img loading=\"lazy\" decoding=\"async\" width=\"803\" height=\"450\" src=\"https:\/\/www.todoeldia.com\/wp-content\/uploads\/2024\/02\/grabois-alberto.jpg\" alt=\"\" class=\"wp-image-73368\" style=\"width:1068px;height:auto\" srcset=\"https:\/\/www.todoeldia.com\/wp-content\/uploads\/2024\/02\/grabois-alberto.jpg 803w, https:\/\/www.todoeldia.com\/wp-content\/uploads\/2024\/02\/grabois-alberto-300x168.jpg 300w, https:\/\/www.todoeldia.com\/wp-content\/uploads\/2024\/02\/grabois-alberto-768x430.jpg 768w, https:\/\/www.todoeldia.com\/wp-content\/uploads\/2024\/02\/grabois-alberto-696x390.jpg 696w, https:\/\/www.todoeldia.com\/wp-content\/uploads\/2024\/02\/grabois-alberto-749x420.jpg 749w\" sizes=\"auto, (max-width: 803px) 100vw, 803px\" \/><\/figure>\n\n\n\n<p><strong>Juan Grabois y Alberto Fern\u00e1ndez.\u00a0<\/strong><\/p>\n\n\n\n<p>Durante todo el mandato de Alberto Fern\u00e1ndez, un gran n\u00famero de cooperativas recibi\u00f3 fondos de manera discrecionales. La mayor\u00eda reportaban a afiliaciones pol\u00edticas puntuales y, en el caso del dirigente de la CTEP, una bajo su \u00f3rbita fue la que m\u00e1s dinero recibi\u00f3.<\/p>\n\n\n\n<p>Se trata de la Asociaci\u00f3n Civil El Amanecer de los Cartoneros, que solamente en el primer semestre de 2023 recibi\u00f3 $218.752.697. En los a\u00f1os anteriores, hab\u00eda obtenido fondos similares: llevados a d\u00f3lar fueron US$2.665.679 en 2020; US$1.714.893 en 2021 y US$1.853.956 en 2022. En global, fueron US$ 7.266.800 cobrados por la cooperativa en cuatro a\u00f1os.<\/p>\n","protected":false},"excerpt":{"rendered":"<p>En total, medido a d\u00f3lar oficial promedio en los a\u00f1os 2020, 2021, 2022 y 2023, el dirigente social manej\u00f3 directa o indirectamente US$244 millones. El fondo fiduciario que manejaba Juan Grabois gast\u00f3 $130 millones en vi\u00e1ticos y comisiones en 2023. Sin embargo, esa cifra no representa la totalidad de recursos que gestion\u00f3 el dirigente social [&hellip;]<\/p>\n","protected":false},"author":2,"featured_media":29256,"comment_status":"open","ping_status":"open","sticky":false,"template":"","format":"standard","meta":{"tdm_status":"","tdm_grid_status":"","_joinchat":[],"footnotes":""},"categories":[63],"tags":[],"class_list":{"0":"post-73367","1":"post","2":"type-post","3":"status-publish","4":"format-standard","5":"has-post-thumbnail","7":"category-policiales"},"amp_enabled":true,"_links":{"self":[{"href":"https:\/\/www.todoeldia.com\/index.php\/wp-json\/wp\/v2\/posts\/73367","targetHints":{"allow":["GET"]}}],"collection":[{"href":"https:\/\/www.todoeldia.com\/index.php\/wp-json\/wp\/v2\/posts"}],"about":[{"href":"https:\/\/www.todoeldia.com\/index.php\/wp-json\/wp\/v2\/types\/post"}],"author":[{"embeddable":true,"href":"https:\/\/www.todoeldia.com\/index.php\/wp-json\/wp\/v2\/users\/2"}],"replies":[{"embeddable":true,"href":"https:\/\/www.todoeldia.com\/index.php\/wp-json\/wp\/v2\/comments?post=73367"}],"version-history":[{"count":1,"href":"https:\/\/www.todoeldia.com\/index.php\/wp-json\/wp\/v2\/posts\/73367\/revisions"}],"predecessor-version":[{"id":73369,"href":"https:\/\/www.todoeldia.com\/index.php\/wp-json\/wp\/v2\/posts\/73367\/revisions\/73369"}],"wp:featuredmedia":[{"embeddable":true,"href":"https:\/\/www.todoeldia.com\/index.php\/wp-json\/wp\/v2\/media\/29256"}],"wp:attachment":[{"href":"https:\/\/www.todoeldia.com\/index.php\/wp-json\/wp\/v2\/media?parent=73367"}],"wp:term":[{"taxonomy":"category","embeddable":true,"href":"https:\/\/www.todoeldia.com\/index.php\/wp-json\/wp\/v2\/categories?post=73367"},{"taxonomy":"post_tag","embeddable":true,"href":"https:\/\/www.todoeldia.com\/index.php\/wp-json\/wp\/v2\/tags?post=73367"}],"curies":[{"name":"wp","href":"https:\/\/api.w.org\/{rel}","templated":true}]}}