{"id":73408,"date":"2024-02-21T22:10:23","date_gmt":"2024-02-22T01:10:23","guid":{"rendered":"https:\/\/www.todoeldia.com\/?p=73408"},"modified":"2024-02-21T22:10:24","modified_gmt":"2024-02-22T01:10:24","slug":"recuperan-una-moto-robada-cuando-intentaban-cruzarla-a-bolivia-por-el-rio-bermejo","status":"publish","type":"post","link":"https:\/\/www.todoeldia.com\/index.php\/2024\/02\/21\/recuperan-una-moto-robada-cuando-intentaban-cruzarla-a-bolivia-por-el-rio-bermejo\/","title":{"rendered":"Recuperan una moto robada cuando intentaban cruzarla a Bolivia por el Rio Bermejo"},"content":{"rendered":"\n<p>Durante esta ma\u00f1ana efectivos de la Direcci\u00f3n de Unidad Regional N\u00b0 2 de Or\u00e1n, recuperaron dos motocicletas que hab\u00edan sido robadas y lograron demorar a dos j\u00f3venes.<\/p>\n\n\n\n<p>La primera intervenci\u00f3n tuvo lugar minutos despu\u00e9s de las 11 en calle San Luis y Las Paltas donde efectivos de la Divisi\u00f3n Seguridad Urbana mientras realizaban control vehicular, luego de fiscalizar una motocicleta conducida por un joven de 21 a\u00f1os, detectaron que los n\u00fameros de chasis y motor se encontraban adulterados.<\/p>\n\n\n\n<figure class=\"wp-block-image size-full is-resized\"><img loading=\"lazy\" decoding=\"async\" width=\"1024\" height=\"768\" src=\"https:\/\/www.todoeldia.com\/wp-content\/uploads\/2024\/02\/image-87.png\" alt=\"\" class=\"wp-image-73411\" style=\"width:1068px;height:auto\" srcset=\"https:\/\/www.todoeldia.com\/wp-content\/uploads\/2024\/02\/image-87.png 1024w, https:\/\/www.todoeldia.com\/wp-content\/uploads\/2024\/02\/image-87-300x225.png 300w, https:\/\/www.todoeldia.com\/wp-content\/uploads\/2024\/02\/image-87-768x576.png 768w, https:\/\/www.todoeldia.com\/wp-content\/uploads\/2024\/02\/image-87-696x522.png 696w, https:\/\/www.todoeldia.com\/wp-content\/uploads\/2024\/02\/image-87-560x420.png 560w, https:\/\/www.todoeldia.com\/wp-content\/uploads\/2024\/02\/image-87-80x60.png 80w, https:\/\/www.todoeldia.com\/wp-content\/uploads\/2024\/02\/image-87-265x198.png 265w\" sizes=\"auto, (max-width: 1024px) 100vw, 1024px\" \/><\/figure>\n\n\n\n<p>Por el hecho, el sujeto de 18 a\u00f1os y el rodado quedaron a disposici\u00f3n de la justicia.<\/p>\n\n\n\n<p>Por otro lado, personal de la Divisi\u00f3n Lacustre y Fluvial Bermejo afectados a un Operativo de B\u00fasqueda de Personas, observaron en los cauces del rio Bermejo altura de Finca Romero a tres hombres ocultando una motocicleta, quienes al percatarse de la presencia policial emprendieron la fuga.<\/p>\n\n\n\n<figure class=\"wp-block-image size-full is-resized\"><img loading=\"lazy\" decoding=\"async\" width=\"598\" height=\"450\" src=\"https:\/\/www.todoeldia.com\/wp-content\/uploads\/2024\/02\/moto-bermejo.jpg\" alt=\"\" class=\"wp-image-73410\" style=\"width:1068px;height:auto\" srcset=\"https:\/\/www.todoeldia.com\/wp-content\/uploads\/2024\/02\/moto-bermejo.jpg 598w, https:\/\/www.todoeldia.com\/wp-content\/uploads\/2024\/02\/moto-bermejo-300x226.jpg 300w, https:\/\/www.todoeldia.com\/wp-content\/uploads\/2024\/02\/moto-bermejo-558x420.jpg 558w, https:\/\/www.todoeldia.com\/wp-content\/uploads\/2024\/02\/moto-bermejo-80x60.jpg 80w, https:\/\/www.todoeldia.com\/wp-content\/uploads\/2024\/02\/moto-bermejo-265x198.jpg 265w\" sizes=\"auto, (max-width: 598px) 100vw, 598px\" \/><\/figure>\n\n\n\n<p>Ante ello, los efectivos dieron alcance a uno de los sospechosos y secuestraron el rodado que intentaban trasladar al pa\u00eds vecino de Bolivia. Tras consulta con la Secci\u00f3n Tratamiento Preventivo de la Informaci\u00f3n dieron cuenta que la moto registraba \u201cpedido de secuestro\u201d por robo ocurrido d\u00edas atr\u00e1s en esa ciudad.<\/p>\n\n\n\n<p>De esta manera el demorado un joven de 25 a\u00f1os y el secuestro quedaron a disposici\u00f3n de la justicia.<\/p>\n","protected":false},"excerpt":{"rendered":"<p>Durante esta ma\u00f1ana efectivos de la Direcci\u00f3n de Unidad Regional N\u00b0 2 de Or\u00e1n, recuperaron dos motocicletas que hab\u00edan sido robadas y lograron demorar a dos j\u00f3venes. La primera intervenci\u00f3n tuvo lugar minutos despu\u00e9s de las 11 en calle San Luis y Las Paltas donde efectivos de la Divisi\u00f3n Seguridad Urbana mientras realizaban control vehicular, [&hellip;]<\/p>\n","protected":false},"author":2,"featured_media":73409,"comment_status":"open","ping_status":"open","sticky":false,"template":"","format":"standard","meta":{"tdm_status":"","tdm_grid_status":"","_joinchat":[],"footnotes":""},"categories":[63],"tags":[],"class_list":{"0":"post-73408","1":"post","2":"type-post","3":"status-publish","4":"format-standard","5":"has-post-thumbnail","7":"category-policiales"},"amp_enabled":true,"_links":{"self":[{"href":"https:\/\/www.todoeldia.com\/index.php\/wp-json\/wp\/v2\/posts\/73408","targetHints":{"allow":["GET"]}}],"collection":[{"href":"https:\/\/www.todoeldia.com\/index.php\/wp-json\/wp\/v2\/posts"}],"about":[{"href":"https:\/\/www.todoeldia.com\/index.php\/wp-json\/wp\/v2\/types\/post"}],"author":[{"embeddable":true,"href":"https:\/\/www.todoeldia.com\/index.php\/wp-json\/wp\/v2\/users\/2"}],"replies":[{"embeddable":true,"href":"https:\/\/www.todoeldia.com\/index.php\/wp-json\/wp\/v2\/comments?post=73408"}],"version-history":[{"count":1,"href":"https:\/\/www.todoeldia.com\/index.php\/wp-json\/wp\/v2\/posts\/73408\/revisions"}],"predecessor-version":[{"id":73412,"href":"https:\/\/www.todoeldia.com\/index.php\/wp-json\/wp\/v2\/posts\/73408\/revisions\/73412"}],"wp:featuredmedia":[{"embeddable":true,"href":"https:\/\/www.todoeldia.com\/index.php\/wp-json\/wp\/v2\/media\/73409"}],"wp:attachment":[{"href":"https:\/\/www.todoeldia.com\/index.php\/wp-json\/wp\/v2\/media?parent=73408"}],"wp:term":[{"taxonomy":"category","embeddable":true,"href":"https:\/\/www.todoeldia.com\/index.php\/wp-json\/wp\/v2\/categories?post=73408"},{"taxonomy":"post_tag","embeddable":true,"href":"https:\/\/www.todoeldia.com\/index.php\/wp-json\/wp\/v2\/tags?post=73408"}],"curies":[{"name":"wp","href":"https:\/\/api.w.org\/{rel}","templated":true}]}}