{"id":73606,"date":"2024-02-24T19:08:34","date_gmt":"2024-02-24T22:08:34","guid":{"rendered":"https:\/\/www.todoeldia.com\/?p=73606"},"modified":"2024-02-24T19:08:35","modified_gmt":"2024-02-24T22:08:35","slug":"javier-milei-desde-washington-no-nos-vamos-a-rendir-en-volver-a-hacer-grande-a-la-argentina","status":"publish","type":"post","link":"https:\/\/www.todoeldia.com\/index.php\/2024\/02\/24\/javier-milei-desde-washington-no-nos-vamos-a-rendir-en-volver-a-hacer-grande-a-la-argentina\/","title":{"rendered":"Javier Milei, desde Washington: \u201cNo nos vamos a rendir en volver a hacer grande a la Argentina\u201d"},"content":{"rendered":"\n<p>El Presidente habl\u00f3 en la tercera y \u00faltima jornada de la Conferencia de la Acci\u00f3n Pol\u00edtica Conservadora, en Estados Unidos. Antes, recibi\u00f3 los elogios de Donald Trump.<\/p>\n\n\n\n<p>Este s\u00e1bado, el presidente Javier Milei expuso en la tercera y \u00faltima jornada de la Conferencia de la Acci\u00f3n Pol\u00edtica Conservadora (CPAC por sus cifras en ingl\u00e9s). El mandatario viaj\u00f3 el viernes en la noche en un vuelo de l\u00ednea y lleg\u00f3 a Washington para participar del evento.<\/p>\n\n\n\n<p>El argentino habl\u00f3 luego de Donald Trump, quien lo elogi\u00f3 durante su discurso. Al abrir su exposici\u00f3n, Milei agradeci\u00f3 la invitaci\u00f3n y valor\u00f3 la repercusi\u00f3n que tuvo su anterior presentaci\u00f3n internacional en el Foro Econ\u00f3mico de Davos.<\/p>\n\n\n\n<figure class=\"wp-block-image size-full is-resized\"><img loading=\"lazy\" decoding=\"async\" width=\"650\" height=\"364\" src=\"https:\/\/www.todoeldia.com\/wp-content\/uploads\/2024\/02\/image-106.png\" alt=\"\" class=\"wp-image-73608\" style=\"width:1035px;height:auto\" srcset=\"https:\/\/www.todoeldia.com\/wp-content\/uploads\/2024\/02\/image-106.png 650w, https:\/\/www.todoeldia.com\/wp-content\/uploads\/2024\/02\/image-106-300x168.png 300w\" sizes=\"auto, (max-width: 650px) 100vw, 650px\" \/><\/figure>\n\n\n\n<p>En su testimonio, Milei elogi\u00f3 al sector empresarial y remarc\u00f3 que, \u201cen la l\u00f3gica del mercado\u201d, un empresario es \u201cun benefactor social\u201d. Adem\u00e1s, habl\u00f3 de la actualidad argentina y volvi\u00f3 a referirse a las trabas al DNU y a la ley \u201cbases\u201d.<\/p>\n\n\n\n<p>\u201cUn empresario exitoso es un benefactor social en la l\u00f3gica del mercado. En el capitalismo de libre empresa uno s\u00f3lo es exitoso sirviendo al pr\u00f3jimo\u201d, mencion\u00f3 el mandatario durante su mensaje.<\/p>\n\n\n\n<p>Para explicarse, Milei dijo que \u201csi ese empresario no lo est\u00e1 haciendo bien podr\u00e1 aparecer otro que brindar\u00e1 el mismo bien a un mejor precio, o al mismo precio pero con m\u00e1s calidad, lo que lleva a la quiebra a los ineficientes\u201d.<\/p>\n\n\n\n<p>\u201cPor tanto, son benefactores sociales porque nos brindan bienes de mejor calidad a mejor precio y brindan trabajo. Abracemos a los empresarios\u201d, reiter\u00f3.<\/p>\n\n\n\n<p>M\u00e1s adelante, como ya lo hizo en otras ocasiones, el Presidente profundiz\u00f3 en teor\u00edas econ\u00f3micas y cuestion\u00f3 a la \u201cteor\u00eda neocl\u00e1sica\u201d: \u201cSi tenemos diez empresas compitiendo para hacer tel\u00e9fonos celulares y una descubre una t\u00e9cnica para hacer uno de mejor calidad a menor precio, habr\u00e1 nueve empresas que van a quebrar. Sin embargo, \u00bfalguno de ustedes se quejar\u00eda por tener tel\u00e9fonos mejores a menor precio? -le dijo al p\u00fablico- no, entonces afuera la teor\u00eda neocl\u00e1sica\u201d.<\/p>\n","protected":false},"excerpt":{"rendered":"<p>El Presidente habl\u00f3 en la tercera y \u00faltima jornada de la Conferencia de la Acci\u00f3n Pol\u00edtica Conservadora, en Estados Unidos. Antes, recibi\u00f3 los elogios de Donald Trump. Este s\u00e1bado, el presidente Javier Milei expuso en la tercera y \u00faltima jornada de la Conferencia de la Acci\u00f3n Pol\u00edtica Conservadora (CPAC por sus cifras en ingl\u00e9s). El [&hellip;]<\/p>\n","protected":false},"author":2,"featured_media":73607,"comment_status":"open","ping_status":"open","sticky":false,"template":"","format":"standard","meta":{"tdm_status":"","tdm_grid_status":"","_joinchat":[],"footnotes":""},"categories":[59],"tags":[],"class_list":{"0":"post-73606","1":"post","2":"type-post","3":"status-publish","4":"format-standard","5":"has-post-thumbnail","7":"category-politica"},"amp_enabled":true,"_links":{"self":[{"href":"https:\/\/www.todoeldia.com\/index.php\/wp-json\/wp\/v2\/posts\/73606","targetHints":{"allow":["GET"]}}],"collection":[{"href":"https:\/\/www.todoeldia.com\/index.php\/wp-json\/wp\/v2\/posts"}],"about":[{"href":"https:\/\/www.todoeldia.com\/index.php\/wp-json\/wp\/v2\/types\/post"}],"author":[{"embeddable":true,"href":"https:\/\/www.todoeldia.com\/index.php\/wp-json\/wp\/v2\/users\/2"}],"replies":[{"embeddable":true,"href":"https:\/\/www.todoeldia.com\/index.php\/wp-json\/wp\/v2\/comments?post=73606"}],"version-history":[{"count":1,"href":"https:\/\/www.todoeldia.com\/index.php\/wp-json\/wp\/v2\/posts\/73606\/revisions"}],"predecessor-version":[{"id":73609,"href":"https:\/\/www.todoeldia.com\/index.php\/wp-json\/wp\/v2\/posts\/73606\/revisions\/73609"}],"wp:featuredmedia":[{"embeddable":true,"href":"https:\/\/www.todoeldia.com\/index.php\/wp-json\/wp\/v2\/media\/73607"}],"wp:attachment":[{"href":"https:\/\/www.todoeldia.com\/index.php\/wp-json\/wp\/v2\/media?parent=73606"}],"wp:term":[{"taxonomy":"category","embeddable":true,"href":"https:\/\/www.todoeldia.com\/index.php\/wp-json\/wp\/v2\/categories?post=73606"},{"taxonomy":"post_tag","embeddable":true,"href":"https:\/\/www.todoeldia.com\/index.php\/wp-json\/wp\/v2\/tags?post=73606"}],"curies":[{"name":"wp","href":"https:\/\/api.w.org\/{rel}","templated":true}]}}