{"id":73625,"date":"2024-02-25T13:46:19","date_gmt":"2024-02-25T16:46:19","guid":{"rendered":"https:\/\/www.todoeldia.com\/?p=73625"},"modified":"2024-02-25T13:46:20","modified_gmt":"2024-02-25T16:46:20","slug":"milei-contra-gobernadores-llaryora-jugo-sucio-y-torres-es-un-pobre-chico-que-no-pudo-leer-ni-un-contrato","status":"publish","type":"post","link":"https:\/\/www.todoeldia.com\/index.php\/2024\/02\/25\/milei-contra-gobernadores-llaryora-jugo-sucio-y-torres-es-un-pobre-chico-que-no-pudo-leer-ni-un-contrato\/","title":{"rendered":"Milei contra gobernadores: Llaryora \u201cjug\u00f3 sucio\u201d y Torres \u201ces un pobre chico que no pudo leer ni un contrato\u201d"},"content":{"rendered":"\n<p>El Presidente brind\u00f3 una entrevista desde Estados Unidos y apunt\u00f3 fuerte contra el Gobernador de C\u00f3rdoba. Destac\u00f3 la relaci\u00f3n con Norteam\u00e9rica y el programa con el FMI. Inmediatamente hubo r\u00e9plicas del gobierno cordob\u00e9s por la inversi\u00f3n en comunicaci\u00f3n.<\/p>\n\n\n\n<p>El presidente Javier Milei asegur\u00f3 este domingo que \u201cya hay indicios de que las cosas est\u00e1n mejorando\u201d en materia econ\u00f3mica y que la inflaci\u00f3n \u201cest\u00e1 claramente bajando\u201d.<\/p>\n\n\n\n<p>En declaraciones al canal La Naci\u00f3n + desde la ciudad estadounidense de Washington, donde este s\u00e1bado particip\u00f3 de la Conferencia de la Acci\u00f3n Pol\u00edtica Conservadora (CPAC), Milei afirm\u00f3 que, entre otros indicadores, las variables financieras y el riesgo pa\u00eds en descenso marcan esa realidad, lo que permitir\u00eda \u201cabrir el cepo\u201d al d\u00f3lar a mediados de a\u00f1o.<\/p>\n\n\n\n<p>El presidente Javier Milei asegur\u00f3 este domingo que \u201cya hay indicios de que las cosas est\u00e1n mejorando\u201d en materia econ\u00f3mica y que la inflaci\u00f3n \u201cest\u00e1 claramente bajando\u201d.<\/p>\n\n\n\n<p>En declaraciones al canal La Naci\u00f3n + desde la ciudad estadounidense de Washington, donde este s\u00e1bado particip\u00f3 de la Conferencia de la Acci\u00f3n Pol\u00edtica Conservadora (CPAC), Milei afirm\u00f3 que, entre otros indicadores, las variables financieras y el riesgo pa\u00eds en descenso marcan esa realidad, lo que permitir\u00eda \u201cabrir el cepo\u201d al d\u00f3lar a mediados de a\u00f1o.<\/p>\n\n\n\n<p>MILEI VOLVI\u00d3 A APUNTAR CONTRA LLARYORA<\/p>\n\n\n\n<p>El Presidente sostuvo que los gobernadores \u201cno quieren hacer el ajuste\u201d porque \u201cno quieren resignar sus privilegios de casta\u201d, al contrastar que, en cambio, el Gobierno nacional ya ha \u201calcanzado el equilibrio en el Tesoro\u201d.<\/p>\n\n\n\n<p>\u201cSe acab\u00f3 la Argentina del despilfarro\u201d, agreg\u00f3 el mandatario. A su vez, critic\u00f3 a los gobernadores que \u201cno quieren hacer el ajuste\u201d en las cuentas provinciales cuando \u201ctienen que ajustar un punto del PBI\u201d.<\/p>\n\n\n\n<p>\u201cEn lugar de ajustar eso o de ajustar en los festivales y dem\u00e1s, b\u00e1sicamente decidi\u00f3 subirle las tarifas a la gente en un monto mucho mayor a lo que equival\u00eda al subsidio, echarle la culpa al Gobierno nacional, lo cual es una falsedad\u201d, dijo Milei.<\/p>\n\n\n\n<p>El presidente Javier Milei asegur\u00f3 este domingo que \u201cya hay indicios de que las cosas est\u00e1n mejorando\u201d en materia econ\u00f3mica y que la inflaci\u00f3n \u201cest\u00e1 claramente bajando\u201d.<\/p>\n\n\n\n<p>\u201cEsto quiere decir que \u00e9l (por Llaryora) no est\u00e1 dispuesto a ceder ninguno de los privilegios de casta sino que est\u00e1 dispuesto a carg\u00e1rselo a los cordobeses diciendo que es culpa m\u00eda. En el resto delas provincias est\u00e1 pasando lo mismo\u201d, indic\u00f3 Milei.<\/p>\n\n\n\n<p>\u201cEl no est\u00e1 dispuesto a ceder con ninguno de los privilegios de casta y est\u00e1 carg\u00e1ndoselos a los cordobeses diciendo que es culpa m\u00eda\u201d, agreg\u00f3.<\/p>\n\n\n\n<p>El Presidente tambi\u00e9n afirm\u00f3 que el gobernador cordob\u00e9s \u201cgast\u00f3 28 mil millones de pesos en pauta oficial para que los periodistas hablen bien de \u00e9l\u201d, lo que mereci\u00f3 una r\u00e9plica inmediata desde El Panal. \u201cEl Presidente repite una gran mentira sobre la inversi\u00f3n en comunicaci\u00f3n del Gobierno. En dos meses la inversi\u00f3n es \u00ednfima, es del uno por ciento de lo que se afirma\u201d, indic\u00f3 una fuente oficial.<\/p>\n\n\n\n<p>La Voz<\/p>\n","protected":false},"excerpt":{"rendered":"<p>El Presidente brind\u00f3 una entrevista desde Estados Unidos y apunt\u00f3 fuerte contra el Gobernador de C\u00f3rdoba. Destac\u00f3 la relaci\u00f3n con Norteam\u00e9rica y el programa con el FMI. Inmediatamente hubo r\u00e9plicas del gobierno cordob\u00e9s por la inversi\u00f3n en comunicaci\u00f3n. El presidente Javier Milei asegur\u00f3 este domingo que \u201cya hay indicios de que las cosas est\u00e1n mejorando\u201d [&hellip;]<\/p>\n","protected":false},"author":2,"featured_media":73626,"comment_status":"open","ping_status":"open","sticky":false,"template":"","format":"standard","meta":{"tdm_status":"","tdm_grid_status":"","_joinchat":[],"footnotes":""},"categories":[59],"tags":[],"class_list":{"0":"post-73625","1":"post","2":"type-post","3":"status-publish","4":"format-standard","5":"has-post-thumbnail","7":"category-politica"},"amp_enabled":true,"_links":{"self":[{"href":"https:\/\/www.todoeldia.com\/index.php\/wp-json\/wp\/v2\/posts\/73625","targetHints":{"allow":["GET"]}}],"collection":[{"href":"https:\/\/www.todoeldia.com\/index.php\/wp-json\/wp\/v2\/posts"}],"about":[{"href":"https:\/\/www.todoeldia.com\/index.php\/wp-json\/wp\/v2\/types\/post"}],"author":[{"embeddable":true,"href":"https:\/\/www.todoeldia.com\/index.php\/wp-json\/wp\/v2\/users\/2"}],"replies":[{"embeddable":true,"href":"https:\/\/www.todoeldia.com\/index.php\/wp-json\/wp\/v2\/comments?post=73625"}],"version-history":[{"count":1,"href":"https:\/\/www.todoeldia.com\/index.php\/wp-json\/wp\/v2\/posts\/73625\/revisions"}],"predecessor-version":[{"id":73627,"href":"https:\/\/www.todoeldia.com\/index.php\/wp-json\/wp\/v2\/posts\/73625\/revisions\/73627"}],"wp:featuredmedia":[{"embeddable":true,"href":"https:\/\/www.todoeldia.com\/index.php\/wp-json\/wp\/v2\/media\/73626"}],"wp:attachment":[{"href":"https:\/\/www.todoeldia.com\/index.php\/wp-json\/wp\/v2\/media?parent=73625"}],"wp:term":[{"taxonomy":"category","embeddable":true,"href":"https:\/\/www.todoeldia.com\/index.php\/wp-json\/wp\/v2\/categories?post=73625"},{"taxonomy":"post_tag","embeddable":true,"href":"https:\/\/www.todoeldia.com\/index.php\/wp-json\/wp\/v2\/tags?post=73625"}],"curies":[{"name":"wp","href":"https:\/\/api.w.org\/{rel}","templated":true}]}}