{"id":73637,"date":"2024-02-26T10:31:14","date_gmt":"2024-02-26T13:31:14","guid":{"rendered":"https:\/\/www.todoeldia.com\/?p=73637"},"modified":"2024-02-26T10:31:15","modified_gmt":"2024-02-26T13:31:15","slug":"javier-milei-le-quita-una-caja-millonaria-al-gobernador-axel-kicillof","status":"publish","type":"post","link":"https:\/\/www.todoeldia.com\/index.php\/2024\/02\/26\/javier-milei-le-quita-una-caja-millonaria-al-gobernador-axel-kicillof\/","title":{"rendered":"Javier Milei le quita una caja millonaria al gobernador Axel Kicillof"},"content":{"rendered":"\n<p>El Gobierno elimina el Fondo de Fortalecimiento Fiscal de la provincia de Buenos Aires que hab\u00eda sido creado durante la administraci\u00f3n de Alberto Fern\u00e1ndez. Fue creado en 2020 con el dinero de la coparticipaci\u00f3n de Caba.<\/p>\n\n\n\n<p>En medio de la pelea con los gobernadores, el presidente Javier Milei dispuso la eliminaci\u00f3n del Fondo de Fortalecimiento Fiscal de la provincia de Buenos Aires, que hab\u00eda sido creado durante la administraci\u00f3n de Alberto Fern\u00e1ndez y destinaba al distrito un porcentaje de recursos coparticipables adicionales que la ciudad de Buenos Aires recib\u00eda por el traspaso de la Polic\u00eda Federal.<\/p>\n\n\n\n<figure class=\"wp-block-image size-full\"><img loading=\"lazy\" decoding=\"async\" width=\"1023\" height=\"682\" src=\"https:\/\/www.todoeldia.com\/wp-content\/uploads\/2024\/02\/image-107.png\" alt=\"\" class=\"wp-image-73639\" srcset=\"https:\/\/www.todoeldia.com\/wp-content\/uploads\/2024\/02\/image-107.png 1023w, https:\/\/www.todoeldia.com\/wp-content\/uploads\/2024\/02\/image-107-300x200.png 300w, https:\/\/www.todoeldia.com\/wp-content\/uploads\/2024\/02\/image-107-768x512.png 768w, https:\/\/www.todoeldia.com\/wp-content\/uploads\/2024\/02\/image-107-696x464.png 696w, https:\/\/www.todoeldia.com\/wp-content\/uploads\/2024\/02\/image-107-630x420.png 630w\" sizes=\"auto, (max-width: 1023px) 100vw, 1023px\" \/><\/figure>\n\n\n\n<p>La medida, publicada hoy en el Bolet\u00edn Oficial mediante el decreto 192\/2024, se justific\u00f3 debido que aquella decisi\u00f3n adoptada durante la pandemia \u201cafect\u00f3 los intereses generales de la Naci\u00f3n en su conjunto, privando al Estado Nacional de recursos necesarios para el ordenamiento de las cuentas p\u00fablicas\u201d.<\/p>\n\n\n\n<p>En los considerandos, el Ejecutivo advierte que \u201cning\u00fan Gobierno Nacional ha recibido una herencia institucional, econ\u00f3mica y social tan cr\u00edtica como la que recibi\u00f3 la actual administraci\u00f3n, por lo que es imprescindible adoptar medidas que permitan superar la situaci\u00f3n de emergencia creada por las excepcionales condiciones econ\u00f3micas y sociales que la Naci\u00f3n padece, especialmente como consecuencia de un conjunto de decisiones intervencionistas\u201d.<\/p>\n\n\n\n<p>En ese marco, a\u00f1ade que \u201centre otras medidas y con el fin de solucionar la enorme cantidad de problemas derivados de la herencia que la administraci\u00f3n saliente dej\u00f3 a todos los argentinos, es necesario efectuar un ajuste fiscal en el Sector P\u00fablico Nacional de cinco puntos del PBI y, al mismo tiempo, resolver la situaci\u00f3n de los pasivos remunerados del Banco Central de la Rep\u00fablica Argentina, los que son responsables de los diez puntos de su d\u00e9ficit\u201d.<\/p>\n","protected":false},"excerpt":{"rendered":"<p>El Gobierno elimina el Fondo de Fortalecimiento Fiscal de la provincia de Buenos Aires que hab\u00eda sido creado durante la administraci\u00f3n de Alberto Fern\u00e1ndez. Fue creado en 2020 con el dinero de la coparticipaci\u00f3n de Caba. En medio de la pelea con los gobernadores, el presidente Javier Milei dispuso la eliminaci\u00f3n del Fondo de Fortalecimiento [&hellip;]<\/p>\n","protected":false},"author":2,"featured_media":73638,"comment_status":"open","ping_status":"open","sticky":false,"template":"","format":"standard","meta":{"tdm_status":"","tdm_grid_status":"","_joinchat":[],"footnotes":""},"categories":[60],"tags":[],"class_list":{"0":"post-73637","1":"post","2":"type-post","3":"status-publish","4":"format-standard","5":"has-post-thumbnail","7":"category-economia"},"amp_enabled":true,"_links":{"self":[{"href":"https:\/\/www.todoeldia.com\/index.php\/wp-json\/wp\/v2\/posts\/73637","targetHints":{"allow":["GET"]}}],"collection":[{"href":"https:\/\/www.todoeldia.com\/index.php\/wp-json\/wp\/v2\/posts"}],"about":[{"href":"https:\/\/www.todoeldia.com\/index.php\/wp-json\/wp\/v2\/types\/post"}],"author":[{"embeddable":true,"href":"https:\/\/www.todoeldia.com\/index.php\/wp-json\/wp\/v2\/users\/2"}],"replies":[{"embeddable":true,"href":"https:\/\/www.todoeldia.com\/index.php\/wp-json\/wp\/v2\/comments?post=73637"}],"version-history":[{"count":1,"href":"https:\/\/www.todoeldia.com\/index.php\/wp-json\/wp\/v2\/posts\/73637\/revisions"}],"predecessor-version":[{"id":73640,"href":"https:\/\/www.todoeldia.com\/index.php\/wp-json\/wp\/v2\/posts\/73637\/revisions\/73640"}],"wp:featuredmedia":[{"embeddable":true,"href":"https:\/\/www.todoeldia.com\/index.php\/wp-json\/wp\/v2\/media\/73638"}],"wp:attachment":[{"href":"https:\/\/www.todoeldia.com\/index.php\/wp-json\/wp\/v2\/media?parent=73637"}],"wp:term":[{"taxonomy":"category","embeddable":true,"href":"https:\/\/www.todoeldia.com\/index.php\/wp-json\/wp\/v2\/categories?post=73637"},{"taxonomy":"post_tag","embeddable":true,"href":"https:\/\/www.todoeldia.com\/index.php\/wp-json\/wp\/v2\/tags?post=73637"}],"curies":[{"name":"wp","href":"https:\/\/api.w.org\/{rel}","templated":true}]}}