{"id":73641,"date":"2024-02-26T10:34:21","date_gmt":"2024-02-26T13:34:21","guid":{"rendered":"https:\/\/www.todoeldia.com\/?p=73641"},"modified":"2024-02-26T10:34:22","modified_gmt":"2024-02-26T13:34:22","slug":"el-conicet-determinara-la-existencia-de-dano-ambiental-en-suelo-aire-y-agua-en-el-vertedero-san-javier","status":"publish","type":"post","link":"https:\/\/www.todoeldia.com\/index.php\/2024\/02\/26\/el-conicet-determinara-la-existencia-de-dano-ambiental-en-suelo-aire-y-agua-en-el-vertedero-san-javier\/","title":{"rendered":"El Conicet determinar\u00e1 la existencia de da\u00f1o ambiental en suelo, aire y agua en el Vertedero San Javier"},"content":{"rendered":"\n<p>En audiencia, las partes acordaron que las pericias sean realizadas por el Programa Ciencia y Justicia del organismo nacional. Tendr\u00e1n en cuenta los puntos sugeridos por la Fiscal\u00eda en lo Civil, Comercial, del Trabajo y en lo Contencioso Administrativo 1 y el Servicio de Ingenier\u00eda y Qu\u00edmica Forense del Cuerpo de Investigaciones Fiscales (CIF).<\/p>\n\n\n\n<p>El fiscal en lo Civil, Comercial, del Trabajo y en lo Contencioso Administrativo 1, Rodrigo Erazo Schmidt, y del Servicio de Ingenier\u00eda y Qu\u00edmica Forense del Cuerpo de Investigaciones Fiscales (CIF) participaron de la audiencia realizada por la jueza de Minas Mar\u00eda Victoria Mosmann por la situaci\u00f3n en el vertedero San Javier en la causa \u201cFranco, Jorgelina c\/ Municipalidad de la Ciudad de Salta; Agrot\u00e9cnica Fueguina; Secretar\u00eda de Medio Ambiente s\/ Amparo\u201d.<\/p>\n\n\n\n<p>Durante el encuentro, las partes se pusieron de acuerdo sobre los puntos de pericia a realizar por el Programa Ciencia y Justicia del Consejo Nacional de Investigaciones Cient\u00edficas y T\u00e9cnicas (Conicet) para determinar la existencia de da\u00f1o ambiental en suelo, aire y agua por la actividad del vertedero San Javier y, de corresponder, indicar cu\u00e1les ser\u00edan las medidas de recomposici\u00f3n ambiental id\u00f3neas y adecuadas.<\/p>\n\n\n\n<p>El fiscal en lo Civil, Comercial, del Trabajo y en lo Contencioso Administrativo 1 y los profesionales del CIF, Jimena Gato y Yoel Medina, hab\u00edan realizado recomendaciones para las pericias en base a las inspecciones t\u00e9cnicas y oculares realizadas, que fueron aceptadas por las partes.<\/p>\n\n\n\n<p>De la audiencia tambi\u00e9n participaron, de manera virtual, t\u00e9cnicos del Conicet, y presencialmente representantes y profesionales t\u00e9cnicos de la Fiscal\u00eda de Estado, de la Municipalidad de Salta, de Agrot\u00e9cnica Fueguina, y la actora y su representante legal.<\/p>\n","protected":false},"excerpt":{"rendered":"<p>En audiencia, las partes acordaron que las pericias sean realizadas por el Programa Ciencia y Justicia del organismo nacional. Tendr\u00e1n en cuenta los puntos sugeridos por la Fiscal\u00eda en lo Civil, Comercial, del Trabajo y en lo Contencioso Administrativo 1 y el Servicio de Ingenier\u00eda y Qu\u00edmica Forense del Cuerpo de Investigaciones Fiscales (CIF). El [&hellip;]<\/p>\n","protected":false},"author":2,"featured_media":49018,"comment_status":"open","ping_status":"open","sticky":false,"template":"","format":"standard","meta":{"tdm_status":"","tdm_grid_status":"","_joinchat":[],"footnotes":""},"categories":[73],"tags":[],"class_list":{"0":"post-73641","1":"post","2":"type-post","3":"status-publish","4":"format-standard","5":"has-post-thumbnail","7":"category-noticias-general"},"amp_enabled":true,"_links":{"self":[{"href":"https:\/\/www.todoeldia.com\/index.php\/wp-json\/wp\/v2\/posts\/73641","targetHints":{"allow":["GET"]}}],"collection":[{"href":"https:\/\/www.todoeldia.com\/index.php\/wp-json\/wp\/v2\/posts"}],"about":[{"href":"https:\/\/www.todoeldia.com\/index.php\/wp-json\/wp\/v2\/types\/post"}],"author":[{"embeddable":true,"href":"https:\/\/www.todoeldia.com\/index.php\/wp-json\/wp\/v2\/users\/2"}],"replies":[{"embeddable":true,"href":"https:\/\/www.todoeldia.com\/index.php\/wp-json\/wp\/v2\/comments?post=73641"}],"version-history":[{"count":1,"href":"https:\/\/www.todoeldia.com\/index.php\/wp-json\/wp\/v2\/posts\/73641\/revisions"}],"predecessor-version":[{"id":73642,"href":"https:\/\/www.todoeldia.com\/index.php\/wp-json\/wp\/v2\/posts\/73641\/revisions\/73642"}],"wp:featuredmedia":[{"embeddable":true,"href":"https:\/\/www.todoeldia.com\/index.php\/wp-json\/wp\/v2\/media\/49018"}],"wp:attachment":[{"href":"https:\/\/www.todoeldia.com\/index.php\/wp-json\/wp\/v2\/media?parent=73641"}],"wp:term":[{"taxonomy":"category","embeddable":true,"href":"https:\/\/www.todoeldia.com\/index.php\/wp-json\/wp\/v2\/categories?post=73641"},{"taxonomy":"post_tag","embeddable":true,"href":"https:\/\/www.todoeldia.com\/index.php\/wp-json\/wp\/v2\/tags?post=73641"}],"curies":[{"name":"wp","href":"https:\/\/api.w.org\/{rel}","templated":true}]}}