{"id":73645,"date":"2024-02-26T10:42:56","date_gmt":"2024-02-26T13:42:56","guid":{"rendered":"https:\/\/www.todoeldia.com\/?p=73645"},"modified":"2024-02-26T10:42:57","modified_gmt":"2024-02-26T13:42:57","slug":"6-anos-de-prision-para-dos-ladrones-que-lastimaron-con-un-cuchillo-a-una-menor-para-robarle-el-celular","status":"publish","type":"post","link":"https:\/\/www.todoeldia.com\/index.php\/2024\/02\/26\/6-anos-de-prision-para-dos-ladrones-que-lastimaron-con-un-cuchillo-a-una-menor-para-robarle-el-celular\/","title":{"rendered":"6 a\u00f1os de prisi\u00f3n para dos ladrones que lastimaron con un cuchillo a una menor para robarle el celular"},"content":{"rendered":"\n<p>El fiscal penal 2 de Tartagal, Rafael Medina, represent\u00f3 al Ministerio P\u00fablico Fiscal en la audiencia de juicio com\u00fan en la que el juez Anastacio Vazques conden\u00f3 a dos hombres por el robo a una vivienda.<\/p>\n\n\n\n<p>V\u00edctor Armando Mansilla recibi\u00f3 la pena de seis a\u00f1os de prisi\u00f3n de ejecuci\u00f3n efectiva por delito de robo calificado con arma impropia, siendo declarado reincidente por cuarta vez.<\/p>\n\n\n\n<p>Por su parte Ram\u00f3n Barraza fue condenado a seis a\u00f1os y seis meses de prisi\u00f3n de ejecuci\u00f3n efectiva por delito de robo calificado con arma propia y robo con escalamiento, siendo declarado reincidente por primera vez. Adem\u00e1s, fue condenado por otro hecho ocurrido el 15 de julio de 2023, cuando ingres\u00f3 a un local comercial en el barrio Tom\u00e1s Rian y sustrajo varios elementos, siendo detenido por la polic\u00eda con los objetos en su poder.<\/p>\n\n\n\n<p>Los hechos por los que ambos individuos fueron condenados, ocurrieron el 19 de mayo de 2023, cuando ingresaron a un domicilio de barrio El Ceibo de Tartagal. En el lugar, amenazaron con un cuchillo a la hija de los propietarios, una menor de 12 a\u00f1os, lastim\u00e1ndole la mano y sustray\u00e9ndole un tel\u00e9fono celular.<\/p>\n","protected":false},"excerpt":{"rendered":"<p>El fiscal penal 2 de Tartagal, Rafael Medina, represent\u00f3 al Ministerio P\u00fablico Fiscal en la audiencia de juicio com\u00fan en la que el juez Anastacio Vazques conden\u00f3 a dos hombres por el robo a una vivienda. V\u00edctor Armando Mansilla recibi\u00f3 la pena de seis a\u00f1os de prisi\u00f3n de ejecuci\u00f3n efectiva por delito de robo calificado [&hellip;]<\/p>\n","protected":false},"author":2,"featured_media":36647,"comment_status":"open","ping_status":"open","sticky":false,"template":"","format":"standard","meta":{"tdm_status":"","tdm_grid_status":"","_joinchat":[],"footnotes":""},"categories":[63],"tags":[],"class_list":{"0":"post-73645","1":"post","2":"type-post","3":"status-publish","4":"format-standard","5":"has-post-thumbnail","7":"category-policiales"},"amp_enabled":true,"_links":{"self":[{"href":"https:\/\/www.todoeldia.com\/index.php\/wp-json\/wp\/v2\/posts\/73645","targetHints":{"allow":["GET"]}}],"collection":[{"href":"https:\/\/www.todoeldia.com\/index.php\/wp-json\/wp\/v2\/posts"}],"about":[{"href":"https:\/\/www.todoeldia.com\/index.php\/wp-json\/wp\/v2\/types\/post"}],"author":[{"embeddable":true,"href":"https:\/\/www.todoeldia.com\/index.php\/wp-json\/wp\/v2\/users\/2"}],"replies":[{"embeddable":true,"href":"https:\/\/www.todoeldia.com\/index.php\/wp-json\/wp\/v2\/comments?post=73645"}],"version-history":[{"count":1,"href":"https:\/\/www.todoeldia.com\/index.php\/wp-json\/wp\/v2\/posts\/73645\/revisions"}],"predecessor-version":[{"id":73646,"href":"https:\/\/www.todoeldia.com\/index.php\/wp-json\/wp\/v2\/posts\/73645\/revisions\/73646"}],"wp:featuredmedia":[{"embeddable":true,"href":"https:\/\/www.todoeldia.com\/index.php\/wp-json\/wp\/v2\/media\/36647"}],"wp:attachment":[{"href":"https:\/\/www.todoeldia.com\/index.php\/wp-json\/wp\/v2\/media?parent=73645"}],"wp:term":[{"taxonomy":"category","embeddable":true,"href":"https:\/\/www.todoeldia.com\/index.php\/wp-json\/wp\/v2\/categories?post=73645"},{"taxonomy":"post_tag","embeddable":true,"href":"https:\/\/www.todoeldia.com\/index.php\/wp-json\/wp\/v2\/tags?post=73645"}],"curies":[{"name":"wp","href":"https:\/\/api.w.org\/{rel}","templated":true}]}}