{"id":7378,"date":"2020-10-02T10:27:44","date_gmt":"2020-10-02T13:27:44","guid":{"rendered":"https:\/\/www.todoeldia.com\/?p=7378"},"modified":"2020-10-02T10:27:45","modified_gmt":"2020-10-02T13:27:45","slug":"noche-de-furia-colectiveros-quemaron-autos-y-cortaron-la-general-paz-tras-el-crimen-de-un-conductor","status":"publish","type":"post","link":"https:\/\/www.todoeldia.com\/index.php\/2020\/10\/02\/noche-de-furia-colectiveros-quemaron-autos-y-cortaron-la-general-paz-tras-el-crimen-de-un-conductor\/","title":{"rendered":"Noche de furia: colectiveros quemaron autos y cortaron la General Paz tras el crimen de un conductor"},"content":{"rendered":"\n<p>El gremio declar\u00f3 un cese de actividades para este viernes por la muerte del empleado de la l\u00ednea 378. Un grupo de compa\u00f1eros de la v\u00edctima protagonizaron una manifestaci\u00f3n anoche que termin\u00f3 con serios disturbios con la Polic\u00eda.<\/p>\n\n\n\n<p>Tras el asesinato de un chofer anoche en el partido de La Matanza, la&nbsp;Uni\u00f3n de Transviarios Automotor&nbsp;(UTA) anunci\u00f3 un&nbsp;paro de colectivos para este viernes.&nbsp;Un grupo de compa\u00f1eros de la v\u00edctima realizaron una manifestaci\u00f3n que termin\u00f3 con&nbsp;graves incidentes con la Polic\u00eda, autos prendidos fuego y un piquete sobre la avenida General Paz.<\/p>\n\n\n\n<p>La protesta de los conductores&nbsp;continuaba esta ma\u00f1ana con un corte total de la avenida General Paz, a la altura de Juan Bautista Alberdi, lo que ocasionaba embotellamientos y desv\u00edos en el tr\u00e1nsito.<\/p>\n\n\n\n<p>Todo se gener\u00f3 a partir del homicidio de&nbsp;Pablo Flores, conductor de la l\u00ednea 218 de la empresa Almafuerte, que recibi\u00f3 un disparo en la cabeza cuando estaba manejando su unidad por la Ruta Nacional N\u00b0 3, a la altura del barrio San Javier, dentro de la localidad de Virrey del Pino.<\/p>\n\n\n\n<p>Seg\u00fan trascendi\u00f3, los asesinos se subieron al transporte y atacaron al chofer, aunque todav\u00eda se intenta dilucidar los motivos del crimen. Por esta raz\u00f3n, la UTA declar\u00f3 un cese de actividades que empez\u00f3&nbsp;a la medianoche de este viernes y afecta por 24 horas a \u201cm\u00e1s de 40 l\u00edneas\u201d que circulan por la zona Oeste de la provincia de Buenos Aires.<\/p>\n\n\n\n<p>\u201cAbrazamos a la familia de nuestro compa\u00f1ero y a todos los trabajadores que cada d\u00eda sufren el horror de la violencia que ya parece incontenible, teniendo en cuenta la cantidad de episodios cotidianos de inseguridad y la crueldad irracional de los delincuentes\u201d, lament\u00f3 el gremio en un comunicado.<\/p>\n\n\n\n<p>El sindicato le reclam\u00f3 a \u201clas autoridades el compromiso inmediato y absoluto para brindar la seguridad que necesitan los trabajadores y las condiciones necesarias e imprescindibles para seguir cumpliendo una tarea esencial para la sociedad en medio de esta angustiosa pandemia\u201d.<\/p>\n\n\n\n<p>En di\u00e1logo con&nbsp;<em>Cr\u00f3nica TV<\/em>, el secretario de prensa de la UTA&nbsp;Mario Calegari&nbsp;precis\u00f3 que la medida de fuerza afecta \u201ca m\u00e1s de 40 l\u00edneas\u201d de colectivos que circulan por la zona Oeste bonaerense, entre las cuales se encontrar\u00edan, adem\u00e1s de&nbsp;la 378, la 620; la 180; la 86; la 338; la 406; la 63; la 96; la 88 y todas las que pertenecen a la empresa La Perlita, que tambi\u00e9n se sumar\u00eda al reclamo.<\/p>\n\n\n\n<p>&#8220;Es una locura lo que est\u00e1 pasando, lo que le ha ocurrido a este compa\u00f1ero, por eso hemos decidido un paro de actividades para toda la zona Oeste de la provincia de Buenos Aires en solidaridad con este chofer. Estamos tratando de averiguar cu\u00e1les son los motivos del asesinato, si es que los hay\u201d, explic\u00f3 Calegari.<\/p>\n\n\n\n<p>El vocero precis\u00f3 que &#8220;hay testigos que fueron llamados (por los investigadores) para ver si se puede esclarecer el hecho\u201d y&nbsp;advirti\u00f3 que si no hay \u201cuna respuesta favorable por parte de las autoridades para que haya m\u00e1s efectivos de seguridad que eviten que estas cosas sigan sucediendo\u201d,&nbsp;el corte del servicio \u201cse va a extender a todo el pa\u00eds\u201d.<\/p>\n\n\n\n<p>\u201cEn esta instancia creo que lo m\u00e1s importante es saber qu\u00e9 fue lo que pas\u00f3. Es cierto que&nbsp;las c\u00e1maras nunca se llegaron a poner en su totalidad&nbsp;(en los colectivos) y ser\u00eda un elemento que ayudar\u00eda a saber qu\u00e9 fue lo que sucedi\u00f3 con Pablo Flores, a quien no vamos a poder recuperar\u201d, agreg\u00f3.<\/p>\n\n\n\n<p>La polic\u00eda trata de encontrar hip\u00f3tesis sobre el brutal suceso, y se descartar\u00eda el m\u00f3vil de robo en primera instancia, ya que los atacantes habr\u00edan disparado directamente a Flores sin mediar palabra.<\/p>\n\n\n\n<p>En las redes sociales circul\u00f3 un video en el que una pasajera del veh\u00edculo en el que ocurri\u00f3 el asesinato cuenta qu\u00e9 fue lo que vio.&nbsp;\u201cLo mataron al chofer. Alguien que ayude por favor. El muchacho est\u00e1 tirado ac\u00e1. Madre m\u00eda, por Dios\u201d, dice la mujer a los gritos.<\/p>\n\n\n\n<p>En las im\u00e1genes, se puede ver el cuerpo de la v\u00edctima tirado sobre su asiento y gran cantidad de sangre en toda la escena. No obstante, la grabaci\u00f3n fue luego borrada por pedido de la familia de Flores.<\/p>\n","protected":false},"excerpt":{"rendered":"<p>El gremio declar\u00f3 un cese de actividades para este viernes por la muerte del empleado de la l\u00ednea 378. Un grupo de compa\u00f1eros de la v\u00edctima protagonizaron una manifestaci\u00f3n anoche que termin\u00f3 con serios disturbios con la Polic\u00eda. Tras el asesinato de un chofer anoche en el partido de La Matanza, la&nbsp;Uni\u00f3n de Transviarios Automotor&nbsp;(UTA) [&hellip;]<\/p>\n","protected":false},"author":2,"featured_media":7379,"comment_status":"open","ping_status":"open","sticky":false,"template":"","format":"standard","meta":{"tdm_status":"","tdm_grid_status":"","_joinchat":[],"footnotes":""},"categories":[73],"tags":[],"class_list":{"0":"post-7378","1":"post","2":"type-post","3":"status-publish","4":"format-standard","5":"has-post-thumbnail","7":"category-noticias-general"},"amp_enabled":true,"_links":{"self":[{"href":"https:\/\/www.todoeldia.com\/index.php\/wp-json\/wp\/v2\/posts\/7378","targetHints":{"allow":["GET"]}}],"collection":[{"href":"https:\/\/www.todoeldia.com\/index.php\/wp-json\/wp\/v2\/posts"}],"about":[{"href":"https:\/\/www.todoeldia.com\/index.php\/wp-json\/wp\/v2\/types\/post"}],"author":[{"embeddable":true,"href":"https:\/\/www.todoeldia.com\/index.php\/wp-json\/wp\/v2\/users\/2"}],"replies":[{"embeddable":true,"href":"https:\/\/www.todoeldia.com\/index.php\/wp-json\/wp\/v2\/comments?post=7378"}],"version-history":[{"count":1,"href":"https:\/\/www.todoeldia.com\/index.php\/wp-json\/wp\/v2\/posts\/7378\/revisions"}],"predecessor-version":[{"id":7380,"href":"https:\/\/www.todoeldia.com\/index.php\/wp-json\/wp\/v2\/posts\/7378\/revisions\/7380"}],"wp:featuredmedia":[{"embeddable":true,"href":"https:\/\/www.todoeldia.com\/index.php\/wp-json\/wp\/v2\/media\/7379"}],"wp:attachment":[{"href":"https:\/\/www.todoeldia.com\/index.php\/wp-json\/wp\/v2\/media?parent=7378"}],"wp:term":[{"taxonomy":"category","embeddable":true,"href":"https:\/\/www.todoeldia.com\/index.php\/wp-json\/wp\/v2\/categories?post=7378"},{"taxonomy":"post_tag","embeddable":true,"href":"https:\/\/www.todoeldia.com\/index.php\/wp-json\/wp\/v2\/tags?post=7378"}],"curies":[{"name":"wp","href":"https:\/\/api.w.org\/{rel}","templated":true}]}}