{"id":74345,"date":"2024-03-08T13:04:40","date_gmt":"2024-03-08T16:04:40","guid":{"rendered":"https:\/\/www.todoeldia.com\/?p=74345"},"modified":"2024-03-08T13:04:41","modified_gmt":"2024-03-08T16:04:41","slug":"milei-sobre-el-aumento-a-legisladores-que-no-me-vengan-con-que-a-ellos-no-les-alcanza","status":"publish","type":"post","link":"https:\/\/www.todoeldia.com\/index.php\/2024\/03\/08\/milei-sobre-el-aumento-a-legisladores-que-no-me-vengan-con-que-a-ellos-no-les-alcanza\/","title":{"rendered":"Milei, sobre el aumento a legisladores: \u201cQue no me vengan con que a ellos no les alcanza\u201d"},"content":{"rendered":"\n<p>El Presidente se mostr\u00f3 en desacuerdo con la suba de las dietas de diputados y senadores, dispuestas por Mart\u00edn Menem y Victoria Villarruel.<\/p>\n\n\n\n<p>El presidente Javier Milei se mostr\u00f3 en desacuerdo con el aumento en las dietas de los legisladores y manifest\u00f3: \u201cmuch\u00edsima gente la pasa peor con much\u00edsima menos plata\u201d. A lo que arremeti\u00f3: \u201cque no me vengan con que a ellos no les alcanza\u201d.<\/p>\n\n\n\n<p>\u201cTanto Mart\u00edn (Menem) como Victoria (Villarruel) ten\u00edan que firmar los aumentos de la gente del Congreso y en funci\u00f3n de eso se firm\u00f3 eso. Obviamente que dada la situaci\u00f3n del pa\u00eds, yo le dije a Mart\u00edn que saque esa cl\u00e1usula y que avance algo que quede desligado y que los pol\u00edticos voten a ver qu\u00e9 quieren hacer con las dietas y que quede expuestos frente a la sociedad\u201d, expres\u00f3 el mandatario anoche.<\/p>\n","protected":false},"excerpt":{"rendered":"<p>El Presidente se mostr\u00f3 en desacuerdo con la suba de las dietas de diputados y senadores, dispuestas por Mart\u00edn Menem y Victoria Villarruel. El presidente Javier Milei se mostr\u00f3 en desacuerdo con el aumento en las dietas de los legisladores y manifest\u00f3: \u201cmuch\u00edsima gente la pasa peor con much\u00edsima menos plata\u201d. A lo que arremeti\u00f3: [&hellip;]<\/p>\n","protected":false},"author":2,"featured_media":74286,"comment_status":"open","ping_status":"open","sticky":false,"template":"","format":"standard","meta":{"tdm_status":"","tdm_grid_status":"","_joinchat":[],"footnotes":""},"categories":[59],"tags":[],"class_list":{"0":"post-74345","1":"post","2":"type-post","3":"status-publish","4":"format-standard","5":"has-post-thumbnail","7":"category-politica"},"amp_enabled":true,"_links":{"self":[{"href":"https:\/\/www.todoeldia.com\/index.php\/wp-json\/wp\/v2\/posts\/74345","targetHints":{"allow":["GET"]}}],"collection":[{"href":"https:\/\/www.todoeldia.com\/index.php\/wp-json\/wp\/v2\/posts"}],"about":[{"href":"https:\/\/www.todoeldia.com\/index.php\/wp-json\/wp\/v2\/types\/post"}],"author":[{"embeddable":true,"href":"https:\/\/www.todoeldia.com\/index.php\/wp-json\/wp\/v2\/users\/2"}],"replies":[{"embeddable":true,"href":"https:\/\/www.todoeldia.com\/index.php\/wp-json\/wp\/v2\/comments?post=74345"}],"version-history":[{"count":1,"href":"https:\/\/www.todoeldia.com\/index.php\/wp-json\/wp\/v2\/posts\/74345\/revisions"}],"predecessor-version":[{"id":74346,"href":"https:\/\/www.todoeldia.com\/index.php\/wp-json\/wp\/v2\/posts\/74345\/revisions\/74346"}],"wp:featuredmedia":[{"embeddable":true,"href":"https:\/\/www.todoeldia.com\/index.php\/wp-json\/wp\/v2\/media\/74286"}],"wp:attachment":[{"href":"https:\/\/www.todoeldia.com\/index.php\/wp-json\/wp\/v2\/media?parent=74345"}],"wp:term":[{"taxonomy":"category","embeddable":true,"href":"https:\/\/www.todoeldia.com\/index.php\/wp-json\/wp\/v2\/categories?post=74345"},{"taxonomy":"post_tag","embeddable":true,"href":"https:\/\/www.todoeldia.com\/index.php\/wp-json\/wp\/v2\/tags?post=74345"}],"curies":[{"name":"wp","href":"https:\/\/api.w.org\/{rel}","templated":true}]}}