{"id":7457,"date":"2020-10-03T11:38:07","date_gmt":"2020-10-03T14:38:07","guid":{"rendered":"https:\/\/www.todoeldia.com\/?p=7457"},"modified":"2020-10-03T11:38:22","modified_gmt":"2020-10-03T14:38:22","slug":"pablo-gonzalez-debimos-ser-mas-duros-al-exigir-respuestas-del-gobierno","status":"publish","type":"post","link":"https:\/\/www.todoeldia.com\/index.php\/2020\/10\/03\/pablo-gonzalez-debimos-ser-mas-duros-al-exigir-respuestas-del-gobierno\/","title":{"rendered":"Pablo Gonz\u00e1lez \u201cdebimos ser m\u00e1s duros al exigir respuestas del gobierno\u201d"},"content":{"rendered":"\n<p>El intendente de Or\u00e1n, Pablo Gonz\u00e1lez, tuvo que pedirle la renuncia a todo su gabinete debido a que la situaci\u00f3n sanitaria del municipio no se encontraba en muy buenas condiciones y al parecer algunos de ellos no cumpl\u00edan con las exigencias que el momento requer\u00eda. Esto demostr\u00f3 que el Ejecutivo Municipal no estaba funcionando muy bien y de all\u00ed es que las redes sociales explotaron haciendo cientos de cr\u00edticas hacia la gesti\u00f3n municipal, que de cierta manera le daba el aval a cosas que el gobierno manifestaba que se estaban llevando a cabo en Oran y eran mentiras como lo de la escuela Osvaldo Pos.<\/p>\n\n\n\n<p>Sin embargo, el jefe comunal asegura que sus cr\u00edticas hacia la ex ministra de Salud Josefina Medrano aceleraron su salida de la funci\u00f3n p\u00fablica. Medrano ya ven\u00eda en la cuerda floja desde hace tiempo por su inoperancia y S\u00e1enz le solicito la renuncia no precisamente por las declaraciones de Pablo Gonz\u00e1lez, ya hacia un tiempo que ven\u00eda buscando un reemplazo porque se dio cuenta que el ministerio de Salud P\u00fablica no estaba funcionando como ten\u00eda que ser.<\/p>\n\n\n\n<p>Gonz\u00e1lez tambi\u00e9n se sincer\u00f3 y dijo que tanto \u201cel c\u00f3mo los legisladores del departamento debieron ser m\u00e1s duros y exigir respuestas por parte del Gobierno de la Provincia\u201d.<\/p>\n\n\n\n<p>Ahora uno se pregunta. Reci\u00e9n se da cuenta de la gravedad de la situaci\u00f3n que afronta la ciudad con casos que no disminuyen y fallecimientos que aumentan d\u00eda a d\u00eda. La pandemia lleva m\u00e1s de 9 meses y el jefe comunal reci\u00e9n reacciona ante la gravedad de la situaci\u00f3n que lo ha superado.<\/p>\n\n\n\n<p>\u201cDebimos ser m\u00e1s duros exigiendo cosas al Gobierno\u201d y porque no lo fueron tanto el c\u00f3mo los diputados y senadores. Jam\u00e1s se les cruzo por la mente que Or\u00e1n iba a sufrir las graves consecuencias de la pandemia del coronavirus y si uno ve las estad\u00edsticas es el departamento que se mantiene con la cantidad de contagios diarios, mientras que otros como San Mart\u00edn que lo superaba ampliamente logr\u00f3 bajar considerablemente los casos positivos en cada jornada.<\/p>\n\n\n\n<p>Oran sigue con el hospital colapsado y lamentablemente fue la ciudad que mostro su dura realidad en todos los medios nacionales.<\/p>\n\n\n\n<p>Destaco que el nuevo ministro, Juan Jos\u00e9 Esteban \u201cen s\u00f3lo tres d\u00edas nos dio m\u00e1s respuestas que en nueve meses anteriores\u201d. Tanto tiempo se demoraron por no ser \u201cm\u00e1s duros en los reclamos\u201d y no tener que afrontar la delicada situaci\u00f3n sanitaria que vive la ciudad. Los planteos tambi\u00e9n se podr\u00edan haber hecho ante el Gobernador S\u00e1enz para no esperar 9 meses por respuestas que llegaron en tres d\u00edas.<\/p>\n\n\n\n<p>Tambi\u00e9n as\u00ed se hubieran evitado el malestar y la desconfianza de la poblaci\u00f3n que acusa de inoperancia a la gesti\u00f3n municipal.<\/p>\n\n\n\n<p>\u201cSoy un m\u00e9dico sanitarista \u2013dijo- que cree en la salud p\u00fablica, que cree en la atenci\u00f3n m\u00e9dica primaria\u201d y sin embargo esta vez sus conocimientos no dieron muy buenos resultados. Es m\u00e1s f\u00e1cil culpar a la ex ministro que asumir sus propias culpas \u201cpor no ser m\u00e1s duros\u201d. &nbsp;Si todo funcionaba bien porque hubo cambios en el gabinete, es el \u00fanico municipio de la Provincia que lo hizo. Algo anda mal seguramente.<\/p>\n","protected":false},"excerpt":{"rendered":"<p>El intendente de Or\u00e1n, Pablo Gonz\u00e1lez, tuvo que pedirle la renuncia a todo su gabinete debido a que la situaci\u00f3n sanitaria del municipio no se encontraba en muy buenas condiciones y al parecer algunos de ellos no cumpl\u00edan con las exigencias que el momento requer\u00eda. Esto demostr\u00f3 que el Ejecutivo Municipal no estaba funcionando muy [&hellip;]<\/p>\n","protected":false},"author":2,"featured_media":7458,"comment_status":"open","ping_status":"open","sticky":false,"template":"","format":"standard","meta":{"tdm_status":"","tdm_grid_status":"","_joinchat":[],"footnotes":""},"categories":[73],"tags":[],"class_list":{"0":"post-7457","1":"post","2":"type-post","3":"status-publish","4":"format-standard","5":"has-post-thumbnail","7":"category-noticias-general"},"amp_enabled":true,"_links":{"self":[{"href":"https:\/\/www.todoeldia.com\/index.php\/wp-json\/wp\/v2\/posts\/7457","targetHints":{"allow":["GET"]}}],"collection":[{"href":"https:\/\/www.todoeldia.com\/index.php\/wp-json\/wp\/v2\/posts"}],"about":[{"href":"https:\/\/www.todoeldia.com\/index.php\/wp-json\/wp\/v2\/types\/post"}],"author":[{"embeddable":true,"href":"https:\/\/www.todoeldia.com\/index.php\/wp-json\/wp\/v2\/users\/2"}],"replies":[{"embeddable":true,"href":"https:\/\/www.todoeldia.com\/index.php\/wp-json\/wp\/v2\/comments?post=7457"}],"version-history":[{"count":1,"href":"https:\/\/www.todoeldia.com\/index.php\/wp-json\/wp\/v2\/posts\/7457\/revisions"}],"predecessor-version":[{"id":7459,"href":"https:\/\/www.todoeldia.com\/index.php\/wp-json\/wp\/v2\/posts\/7457\/revisions\/7459"}],"wp:featuredmedia":[{"embeddable":true,"href":"https:\/\/www.todoeldia.com\/index.php\/wp-json\/wp\/v2\/media\/7458"}],"wp:attachment":[{"href":"https:\/\/www.todoeldia.com\/index.php\/wp-json\/wp\/v2\/media?parent=7457"}],"wp:term":[{"taxonomy":"category","embeddable":true,"href":"https:\/\/www.todoeldia.com\/index.php\/wp-json\/wp\/v2\/categories?post=7457"},{"taxonomy":"post_tag","embeddable":true,"href":"https:\/\/www.todoeldia.com\/index.php\/wp-json\/wp\/v2\/tags?post=7457"}],"curies":[{"name":"wp","href":"https:\/\/api.w.org\/{rel}","templated":true}]}}