{"id":7490,"date":"2020-10-03T21:56:32","date_gmt":"2020-10-04T00:56:32","guid":{"rendered":"https:\/\/www.todoeldia.com\/?p=7490"},"modified":"2020-10-03T21:56:33","modified_gmt":"2020-10-04T00:56:33","slug":"jujuy-femicidio-de-gabriela-cruz-la-joven-fallecio-por-un-traumatismo-encefalo-craneano","status":"publish","type":"post","link":"https:\/\/www.todoeldia.com\/index.php\/2020\/10\/03\/jujuy-femicidio-de-gabriela-cruz-la-joven-fallecio-por-un-traumatismo-encefalo-craneano\/","title":{"rendered":"Jujuy: femicidio de Gabriela Cruz, la joven falleci\u00f3 por un traumatismo enc\u00e9falo craneano"},"content":{"rendered":"\n<p>Por el femicidio se encuentra detenido su ex pareja y padre de uno de sus hijos<\/p>\n\n\n\n<p>Durante la jornada de este s\u00e1bado se llev\u00f3 a cabo la autopsia del cuerpo de Gabriela Cruz, la joven de Palpal\u00e1 que fue asesinada. Tal como detall\u00f3 el Ministerio P\u00fablico de la Acusaci\u00f3n, los resultados preliminares de la pericia forense indican que la causa de su deceso fue por un \u201ctraumatismo enc\u00e9falo craneano\u201d.<\/p>\n\n\n\n<p>Respecto a la data de muerte, dicho informe establece que su fallecimiento fue el 25 de septiembre alrededor de la 1 de la ma\u00f1ana, es decir seis d\u00edas antes de que fuera encontrado el cuerpo&nbsp;en las Serran\u00edas de Zapla.<\/p>\n\n\n\n<p>Por otra parte, el fiscal que entiende la causa, Diego Cussel,&nbsp;caratul\u00f3 al expediente como \u201cfemicidio\u201d. Raz\u00f3n por la cual,&nbsp;se encuentra detenido Mat\u00edas Figueroa, ex pareja de la v\u00edctima y padre de uno de sus hijos.<\/p>\n\n\n\n<p>La autopsia fue realizada por el m\u00e9dico forense del Ministerio P\u00fablico de la Acusaci\u00f3n, Rodrigo Montes de Oca, con participaci\u00f3n de perito de parte propuesto por la familia de la joven.<\/p>\n","protected":false},"excerpt":{"rendered":"<p>Por el femicidio se encuentra detenido su ex pareja y padre de uno de sus hijos Durante la jornada de este s\u00e1bado se llev\u00f3 a cabo la autopsia del cuerpo de Gabriela Cruz, la joven de Palpal\u00e1 que fue asesinada. Tal como detall\u00f3 el Ministerio P\u00fablico de la Acusaci\u00f3n, los resultados preliminares de la pericia [&hellip;]<\/p>\n","protected":false},"author":2,"featured_media":7491,"comment_status":"open","ping_status":"open","sticky":false,"template":"","format":"standard","meta":{"tdm_status":"","tdm_grid_status":"","_joinchat":[],"footnotes":""},"categories":[63],"tags":[],"class_list":{"0":"post-7490","1":"post","2":"type-post","3":"status-publish","4":"format-standard","5":"has-post-thumbnail","7":"category-policiales"},"amp_enabled":true,"_links":{"self":[{"href":"https:\/\/www.todoeldia.com\/index.php\/wp-json\/wp\/v2\/posts\/7490","targetHints":{"allow":["GET"]}}],"collection":[{"href":"https:\/\/www.todoeldia.com\/index.php\/wp-json\/wp\/v2\/posts"}],"about":[{"href":"https:\/\/www.todoeldia.com\/index.php\/wp-json\/wp\/v2\/types\/post"}],"author":[{"embeddable":true,"href":"https:\/\/www.todoeldia.com\/index.php\/wp-json\/wp\/v2\/users\/2"}],"replies":[{"embeddable":true,"href":"https:\/\/www.todoeldia.com\/index.php\/wp-json\/wp\/v2\/comments?post=7490"}],"version-history":[{"count":1,"href":"https:\/\/www.todoeldia.com\/index.php\/wp-json\/wp\/v2\/posts\/7490\/revisions"}],"predecessor-version":[{"id":7492,"href":"https:\/\/www.todoeldia.com\/index.php\/wp-json\/wp\/v2\/posts\/7490\/revisions\/7492"}],"wp:featuredmedia":[{"embeddable":true,"href":"https:\/\/www.todoeldia.com\/index.php\/wp-json\/wp\/v2\/media\/7491"}],"wp:attachment":[{"href":"https:\/\/www.todoeldia.com\/index.php\/wp-json\/wp\/v2\/media?parent=7490"}],"wp:term":[{"taxonomy":"category","embeddable":true,"href":"https:\/\/www.todoeldia.com\/index.php\/wp-json\/wp\/v2\/categories?post=7490"},{"taxonomy":"post_tag","embeddable":true,"href":"https:\/\/www.todoeldia.com\/index.php\/wp-json\/wp\/v2\/tags?post=7490"}],"curies":[{"name":"wp","href":"https:\/\/api.w.org\/{rel}","templated":true}]}}