{"id":7521,"date":"2020-10-04T11:27:09","date_gmt":"2020-10-04T14:27:09","guid":{"rendered":"https:\/\/www.todoeldia.com\/?p=7521"},"modified":"2020-10-04T11:27:10","modified_gmt":"2020-10-04T14:27:10","slug":"por-que-tardaste-tanto-en-ir-a-buscarnos-tenia-dos-hijos-adolescentes-se-enamoro-de-su-mejor-amigo-y-juntos-adoptaron-a-tres-hermanitas","status":"publish","type":"post","link":"https:\/\/www.todoeldia.com\/index.php\/2020\/10\/04\/por-que-tardaste-tanto-en-ir-a-buscarnos-tenia-dos-hijos-adolescentes-se-enamoro-de-su-mejor-amigo-y-juntos-adoptaron-a-tres-hermanitas\/","title":{"rendered":"\u201cPor qu\u00e9 tardaste tanto en ir a buscarnos&#8221;: ten\u00eda dos hijos adolescentes, se enamor\u00f3 de su mejor amigo y juntos adoptaron a tres hermanitas"},"content":{"rendered":"\n<p>Luis siempre hab\u00eda so\u00f1ado con ser pap\u00e1 y desde 2010, junto a Luj\u00e1n, intentaron cumplirlo. En 2018, a Lucas y Candela, se sumaron Valentina, M\u00eda y Guada que esperaron, en un hogar de Santiago del Estero, dos a\u00f1os para tener una familia.<\/p>\n\n\n\n<p>Cuando Luj\u00e1n se reencontr\u00f3 con Luis en Santiago del Estero, ella ya era mam\u00e1 de Lucas y Candela. Ambos estaban separados y \u00e9l le cont\u00f3 que no pod\u00eda tener hijos biol\u00f3gicos, pero que so\u00f1aba con ser pap\u00e1. \u201cPrimero fuimos amigos en la secundaria, despu\u00e9s socios y al final nos enamoramos y formamos una familia\u201d, cuenta Luj\u00e1n a\u00a0<a rel=\"noreferrer noopener\" href=\"http:\/\/tn.com.ar\/\" target=\"_blank\">TN.com.ar<\/a>.<\/p>\n\n\n\n<figure class=\"wp-block-image size-large is-resized\"><img loading=\"lazy\" decoding=\"async\" src=\"https:\/\/www.todoeldia.com\/wp-content\/uploads\/2020\/10\/familia-1-1024x768.jpg\" alt=\"\" class=\"wp-image-7523\" width=\"1024\" height=\"768\" srcset=\"https:\/\/www.todoeldia.com\/wp-content\/uploads\/2020\/10\/familia-1-1024x768.jpg 1024w, https:\/\/www.todoeldia.com\/wp-content\/uploads\/2020\/10\/familia-1-300x225.jpg 300w, https:\/\/www.todoeldia.com\/wp-content\/uploads\/2020\/10\/familia-1-768x576.jpg 768w, https:\/\/www.todoeldia.com\/wp-content\/uploads\/2020\/10\/familia-1-696x522.jpg 696w, https:\/\/www.todoeldia.com\/wp-content\/uploads\/2020\/10\/familia-1-1068x801.jpg 1068w, https:\/\/www.todoeldia.com\/wp-content\/uploads\/2020\/10\/familia-1-560x420.jpg 560w, https:\/\/www.todoeldia.com\/wp-content\/uploads\/2020\/10\/familia-1-80x60.jpg 80w, https:\/\/www.todoeldia.com\/wp-content\/uploads\/2020\/10\/familia-1-265x198.jpg 265w, https:\/\/www.todoeldia.com\/wp-content\/uploads\/2020\/10\/familia-1.jpg 1440w\" sizes=\"auto, (max-width: 1024px) 100vw, 1024px\" \/><figcaption>Juntas las cinco mujeres de la familia.<\/figcaption><\/figure>\n\n\n\n<p>\u201cNac\u00ed en Tucum\u00e1n, hice la primaria en Buenos Aires y la secundaria en Santiago del Estero porque de all\u00ed era mi pap\u00e1. Mi marido Luis, o \u2018Piri\u2019 como le dicen, era mi compa\u00f1ero de clase y mi&nbsp;<strong>mejor amigo<\/strong>. Cuando terminamos la escuela, \u00e9l se fue a estudiar para infante de marina. Un tiempo despu\u00e9s, a m\u00ed me marc\u00f3 un accidente de tr\u00e1nsito en el que murieron mi pap\u00e1, tres de mis hermanos y mi sobrinita. Quedamos mi mam\u00e1, mi hermana y yo. Las dos nos casamos y quedamos embarazadas muy jovencitas. Creo que para devolverle un poco de felicidad con los nietos a mam\u00e1\u201d, recuerda.<\/p>\n\n\n\n<p>Aunque se cas\u00f3, tuvo a sus hijos y se fue a vivir a Tucum\u00e1n, segu\u00eda encontr\u00e1ndose a Piri cuando iba a Santiago del Estero y se reun\u00eda con amigos del colegio. \u201cMi matrimonio anterior dur\u00f3 ocho a\u00f1os. Con mi ex ten\u00edamos una buena relaci\u00f3n, pero \u00e9l trabajaba fuera de la ciudad y nos ve\u00edamos solo los fines de semana. Cuando mi segunda hija, Candela, estaba por cumplir dos a\u00f1os le pusimos punto final, nos divorciamos y me mud\u00e9 con mis hijos a Santiago del Estero\u201d.<\/p>\n\n\n\n<figure class=\"wp-block-image size-large\"><img loading=\"lazy\" decoding=\"async\" width=\"1024\" height=\"768\" src=\"https:\/\/www.todoeldia.com\/wp-content\/uploads\/2020\/10\/familia-3-1024x768.jpg\" alt=\"\" class=\"wp-image-7524\" srcset=\"https:\/\/www.todoeldia.com\/wp-content\/uploads\/2020\/10\/familia-3-1024x768.jpg 1024w, https:\/\/www.todoeldia.com\/wp-content\/uploads\/2020\/10\/familia-3-300x225.jpg 300w, https:\/\/www.todoeldia.com\/wp-content\/uploads\/2020\/10\/familia-3-768x576.jpg 768w, https:\/\/www.todoeldia.com\/wp-content\/uploads\/2020\/10\/familia-3-696x522.jpg 696w, https:\/\/www.todoeldia.com\/wp-content\/uploads\/2020\/10\/familia-3-1068x801.jpg 1068w, https:\/\/www.todoeldia.com\/wp-content\/uploads\/2020\/10\/familia-3-560x420.jpg 560w, https:\/\/www.todoeldia.com\/wp-content\/uploads\/2020\/10\/familia-3-80x60.jpg 80w, https:\/\/www.todoeldia.com\/wp-content\/uploads\/2020\/10\/familia-3-265x198.jpg 265w, https:\/\/www.todoeldia.com\/wp-content\/uploads\/2020\/10\/familia-3.jpg 1440w\" sizes=\"auto, (max-width: 1024px) 100vw, 1024px\" \/><figcaption>Luis y Luj\u00e1n con las tres m\u00e1s chicas de la familia.<\/figcaption><\/figure>\n\n\n\n<p>All\u00ed, se encontr\u00f3 con su amigo de toda la vida que se hab\u00eda retirado de la infanter\u00eda de marina, despu\u00e9s de ser condecorado por unirse a la misi\u00f3n de los Casos Azules en la Guerra del Golfo. Piri, tras diez a\u00f1os de casado, hab\u00eda empezado los tr\u00e1mites del divorcio. \u201cComo sab\u00eda que ten\u00eda una empresa chica de seguridad, le propuse que nos asoci\u00e1ramos para armar una m\u00e1s grande juntos . De amigos, pasamos a socios y despu\u00e9s de un tiempo me di cuenta de que me hab\u00eda empezado a gustar. En 2010 no pusimos de novios\u201d.<\/p>\n\n\n\n<p>No solo era una relaci\u00f3n de novios, ella ten\u00eda a Lucas y Candela: \u201cCande ten\u00eda 6 a\u00f1os cuando empezamos la relaci\u00f3n y -obviamente- mis hijos lo conoc\u00edan de antes, pero el v\u00ednculo entre ellos se fue construyendo con el tiempo. De a poco se fueron queriendo cada vez m\u00e1s. Al a\u00f1o nos fuimos a vivir juntos\u201d.<\/p>\n\n\n\n<p><strong>El anhelo de Luis de paternar<\/strong><\/p>\n\n\n\n<p>Aunque no pod\u00eda tener hijos biol\u00f3gicos, \u201cPiri\u201d le transmiti\u00f3 a Luj\u00e1n su deseo de ser padre. \u201cYo le hab\u00eda preguntado m\u00e1s de una vez si quer\u00eda tener hijos y \u00e9l me contestaba que\u00a0<strong>anhelaba ser pap\u00e1,\u00a0<\/strong>ense\u00f1arle a alguien, brindarle la oportunidad de una familia a un chico\u201d.<\/p>\n\n\n\n<figure class=\"wp-block-image size-large\"><img loading=\"lazy\" decoding=\"async\" width=\"911\" height=\"1024\" src=\"https:\/\/www.todoeldia.com\/wp-content\/uploads\/2020\/10\/familia-4-911x1024.jpg\" alt=\"\" class=\"wp-image-7525\" srcset=\"https:\/\/www.todoeldia.com\/wp-content\/uploads\/2020\/10\/familia-4-911x1024.jpg 911w, https:\/\/www.todoeldia.com\/wp-content\/uploads\/2020\/10\/familia-4-267x300.jpg 267w, https:\/\/www.todoeldia.com\/wp-content\/uploads\/2020\/10\/familia-4-768x863.jpg 768w, https:\/\/www.todoeldia.com\/wp-content\/uploads\/2020\/10\/familia-4-1366x1536.jpg 1366w, https:\/\/www.todoeldia.com\/wp-content\/uploads\/2020\/10\/familia-4-300x337.jpg 300w, https:\/\/www.todoeldia.com\/wp-content\/uploads\/2020\/10\/familia-4-696x783.jpg 696w, https:\/\/www.todoeldia.com\/wp-content\/uploads\/2020\/10\/familia-4-1068x1201.jpg 1068w, https:\/\/www.todoeldia.com\/wp-content\/uploads\/2020\/10\/familia-4-374x420.jpg 374w, https:\/\/www.todoeldia.com\/wp-content\/uploads\/2020\/10\/familia-4.jpg 1440w\" sizes=\"auto, (max-width: 911px) 100vw, 911px\" \/><\/figure>\n\n\n\n<p>Si bien los hijos de Luj\u00e1n ten\u00edan una relaci\u00f3n excelente con su pap\u00e1, generaron con el tiempo un v\u00ednculo muy fuerte con Luis. \u201cSiempre le digo a mi marido que \u00e9l&nbsp;<strong>fue padre adoptivo antes que yo<\/strong>. Los chicos dicen que tienen al biol\u00f3gico y a Piri, el del coraz\u00f3n\u201d.<\/p>\n\n\n\n<p>El haber sido primero amigos facilit\u00f3 el di\u00e1logo, siempre sincero entre ellos. \u201cYo ya hab\u00eda sido madre, y reconozco que no la pasaba bien en el embarazo. Siempre dec\u00eda que si me salteaba eso, pod\u00eda tener diez hijos. Por otra parte,&nbsp;<strong>ya hab\u00eda tenido el var\u00f3n y la nena,<\/strong>&nbsp;pero nunca en esa ecuaci\u00f3n hab\u00eda pasado por mi mente que me iba a enamorar y so\u00f1ar con tener m\u00e1s hijos con esa persona\u201d.<\/p>\n\n\n\n<p><strong>Agrandar la familia<\/strong><\/p>\n\n\n\n<p>Cuenta que una vez que decidieron embarcarse en el proyecto de tener un hijo, primero barajaron la posibilidad de intentarlo con un tratamiento en el que&nbsp;<strong>ella quedara embarazada de un donante.&nbsp;<\/strong>Durante el proceso, descubrieron que ten\u00eda un problema en las trompas. \u201cHicimos una inseminaci\u00f3n&nbsp;<em>in<\/em>&nbsp;<em>vitro<\/em>&nbsp;que no dio resultado y como siempre hab\u00eda estado en nuestros planes la idea de adoptar, nos enfocamos en eso\u201d.<\/p>\n\n\n\n<p>La pareja reconoce que no sab\u00edan mucho de adopci\u00f3n, pero que el deseo de \u00e9l de ser pap\u00e1 los llev\u00f3 a lograrlo. \u201cPara eso, ten\u00edan que salir los tr\u00e1mites del divorcio de Luis. En ese entonces, viv\u00edamos en concubinato y la ley- no se hab\u00eda modificado el C\u00f3digo Civil- no nos permit\u00eda hacerlo juntos, as\u00ed que primero nos anotamos por separado&#8221;.<\/p>\n\n\n\n<p>Yo era divorciada, pero en los papeles viv\u00eda con un extra\u00f1o y desde el juzgado me dec\u00edan que no pod\u00edan entregarme a una criatura en ese contexto. No bajamos los brazos y pese a que yo no me quer\u00eda casar, acept\u00e9 hacerlo si esa era una condici\u00f3n indispensable para anotarnos juntos\u201d.<\/p>\n\n\n\n<p>Todo se demoraba por los tr\u00e1mites: &#8220;Siempre decimos que el divorcio de \u00e9l fue el m\u00e1s largo de toda la Argentina.&nbsp;<strong>A nosotros no nos llevo tanto tiempo la adopci\u00f3n, pero s\u00ed el divorcio<\/strong>. Lo m\u00e1s terrible es que&nbsp;<strong>nuestras nenas podr\u00edan haber estado con nosotros<\/strong>&nbsp;mucho tiempo antes\u201d.<\/p>\n\n\n\n<p>Cuando lleg\u00f3 la noticia sobre los cambios en el C\u00f3digo Civil, ya se hab\u00edan presentado juntos con la carpeta en el registro de Santiago del Estero. \u201cPasaron millones de cosas en el medio, pero todo el tiempo que transcurri\u00f3, los a\u00f1os de espera, hicieron que nos&nbsp;<strong>interioriz\u00e1ramos m\u00e1s en el tema&nbsp;<\/strong>y nos dio otra perspectiva gracias al grupo<strong>&nbsp;Ser Familia por Adopci\u00f3n<\/strong>. Yo empec\u00e9 a estudiar psicolog\u00eda y tuve la suerte de conocer a la actual directora de hogar de adolescente Sandra Alieno, que en ese momento era profesora de una materia de la facultad y trabajaba en el instituto. Le coment\u00e9 que quer\u00edamos adoptar y ella nos permiti\u00f3 conocer la realidad de las chicas que viv\u00edan ah\u00ed\u201d.<\/p>\n\n\n\n<p>\/\/&nbsp;<a href=\"https:\/\/tn.com.ar\/sociedad\/los-siete-cifuentespor-videollamada-una-jueza-le-otorgo-una-pareja-la-adopcion-plena-de-cinco_1081814\/\"><strong><em>Los siete Cifuentes | Por videollamada, una jueza le otorg\u00f3 a una pareja la adopci\u00f3n plena de cinco hermanos<\/em><\/strong><\/a><\/p>\n\n\n\n<p>\u201cUn d\u00eda les llev\u00e9 unos juegos de s\u00e1banas para las camas del hogar y conoc\u00ed algo de la realidad de las chicas. Volv\u00ed a casa con una sensaci\u00f3n extra\u00f1a y habl\u00e9 con Luis sobre la situaci\u00f3n de&nbsp;<strong>los chicos que viven en hogares y la importancia de que adopt\u00e1ramos a un ni\u00f1o m\u00e1s grande.<\/strong><\/p>\n\n\n\n<p>Haber visto a las chicas en el hogar, marc\u00f3 su camino. \u201cPresentamos una carta en el Registro \u00danico de Adoptantes de Santiago del Estero, sumamos una foto de la familia y contamos qu\u00e9 intenciones ten\u00edamos. All\u00ed explicamos que quer\u00edamos dar la&nbsp;<strong>oportunidad a los chicos m\u00e1s grandes.<\/strong>&nbsp;Nosotros hab\u00edamos pasado muchas cosas feas en nuestra ni\u00f1ez y entend\u00edamos que no ten\u00edamos la culpa, como tampoco la tienen los menores que viven en los hogares. Ellos no tienen la culpa de haber llegado ah\u00ed&#8221;.<\/p>\n\n\n\n<p>Pese a que ya reg\u00eda la posibilidad del \u201cdivorcio expr\u00e9s\u201d, a ellos no les sali\u00f3 porque la jueza quer\u00eda que se hiciera con el expediente y la ley vieja. \u201cNosotros ganamos tiempo y empezamos a hacer los talleres del RUA. Ah\u00ed los profesionales daban charlas sobre diversas tem\u00e1ticas para explicar lo que realmente significa adoptar y descubrimos que&nbsp;<strong>el denominador com\u00fan de casi todas las parejas era que quer\u00edan un beb\u00e9<\/strong>. El equipo se esforzaba por concientizar sobre la adopci\u00f3n de chicos m\u00e1s grandes, pero los postulantes contaban que su deseo era que el chico no tuviera m\u00e1s de dos o tres a\u00f1os, m\u00e1ximo cinco\u201d.<\/p>\n\n\n\n<p>El hecho de haber sido madre antes, hizo que Luj\u00e1n tuviera otra mirada: \u201cPara m\u00ed que hablaran de ni\u00f1os de 13 o 14 a\u00f1os como si fueran adultos me parec\u00eda un absurdo.&nbsp;<strong>Que nadie los quiere porque \u2018son grandes\u2019. Grandes de qu\u00e9.<\/strong>&nbsp;Siguen siendo ni\u00f1os. Nosotros en la carta inicial que presentamos con fines adoptivos indicamos que nos ofrec\u00edamos para ni\u00f1os m\u00e1s grandes y&nbsp;<strong>hasta tres hermanos&nbsp;<\/strong>porque pensamos que donde comen dos, comen tres\u201d.<\/p>\n\n\n\n<p>\u201cLa \u00fanica salvedad que hice fue que los chicos no tuvieran una discapacidad dependiente como una par\u00e1lisis cerebral porque no me sent\u00eda capacitada para hacerme cargo, pero por lo dem\u00e1s, no ten\u00edamos ning\u00fan pero. La gente del RUA sab\u00eda que est\u00e1bamos dispuestos a adoptar un grupo de hermanitos&#8221;.<\/p>\n\n\n\n<p><strong>\u201cNo sos rubia\u201d<\/strong><\/p>\n\n\n\n<p>\u201cHab\u00edamos esperado m\u00e1s de siete a\u00f1os para conseguir el maldito papel que faltaba para poder completar nuestra carpeta: el del divorcio de Piri. Cuando por fin la tuvimos lista, fuimos evaluados y tuvimos nuestro ansiado Apto. Una persona que siempre nos acompa\u00f1\u00f3 es Claudia Ju\u00e1rez que es actualmente la directora de la DINAF\u201d.<\/p>\n\n\n\n<p>En menos de una semana ya hab\u00edan tenido entrevistas con las psic\u00f3logas y trabajadoras sociales y les aseguraron que tendr\u00edan novedades r\u00e1p\u00ecdo. El 28 de agosto los llam\u00f3 Carolina Ag\u00fcero, la directora del RUA, para contarles sobre tres hermanitas que estaban en el hogar. \u201cTen\u00edamos que ir al juzgado de La Banda para dar nuestra respuesta formal de la intenci\u00f3n de querer conocer a las nenas. Ah\u00ed nos esperaba la jueza Taboada &#8211; con una sonrisa de oreja a oreja-. En unos minutos la oficina estaba llena : jueza , gente del RUA , del hogar de ni\u00f1os, nosotros. Era como una minicumbre de potencias representantes de algo enorme por suceder\u201d.<\/p>\n\n\n\n<p>Enseguida la titular del juzgado de familia de La Banda les pregunt\u00f3 si quer\u00edan conocer a las nenas y ellos no dudaron. Nos confiaron que las chicas estaban muy ansiosas y que si pod\u00edamos, el encuentro se pod\u00eda concretar esa tarde. \u201cLa jueza Taboada redact\u00f3 el acta y salimos con taquicardia. Lleg\u00f3 la hora acordada y fuimos al encuentro. Hab\u00edamos quedado en ir al Centro Cultural de Santiago del Estero que queda en pleno centro y tiene un bar muy lindo\u201d.<\/p>\n\n\n\n<p>\u201cCruzar la puerta se convirti\u00f3 en una escena en c\u00e1mara lenta. All\u00ed estaba ellas, a 10 metros de nosotros tomadas de la mano de las asistentes y trabajadora social que supervisaban los encuentros\u201d.<\/p>\n\n\n\n<p>&#8220;Mam\u00e1, pap\u00e1 gritaron mientras se echaron en nuestros brazos. Lloramos un mont\u00f3n y eso que hab\u00edamos acordado con mi marido no hacerlo para no asustarlas, pero la emoci\u00f3n era muy fuerte. En medio de todas esas emociones, la del medio me dijo \u2018no sos rubia\u2019, y yo le contest\u00e9 \u2018vos no ten\u00e9s rulos\u2019\u201d, recuerda Luj\u00e1n.<\/p>\n\n\n\n<p>A partir de ese momento empez\u00f3 el per\u00edodo de vinculaci\u00f3n. &#8220;Te emocion\u00e1s, las mim\u00e1s, vas a los parques, a los jueguitos. Las pas\u00e1bamos a buscar por la escuela, \u00edbamos a merendar y al final, cuando nos autorizaron desde el juzgado, ven\u00edan a cenar a casa y despu\u00e9s las ten\u00edamos que llevar al hogar que era todo un llanto porque quer\u00edan quedarse con nosotros. Eso aceler\u00f3 los tr\u00e1mites y el 7 de septiembre de 2018 les otorgaron la&nbsp;<strong>guarda con fines adoptivos&nbsp;<\/strong>y seis meses despu\u00e9s la jueza nos recibi\u00f3 y nos dijo que hab\u00edan hecho un seguimiento y que les daba la adopci\u00f3n plena y que pod\u00edamos labrar las actas de nacimiento\u201d.<\/p>\n\n\n\n<p>Un dato que a Luj\u00e1n le parece importante destacar es la diferencia entre las experiencias de cada una de sus hijas despu\u00e9s de dos a\u00f1os de vivir en un hogar. \u201cEl rechazo a los chicos m\u00e1s grandes es lo m\u00e1s doloroso. La m\u00e1s chiquita se la pasaba con familias de acogida porque era un beb\u00e9, la del medio -como parece m\u00e1s chiquita- tambi\u00e9n la pasaban a buscar para pasear, pero a Vale que es la m\u00e1s grande, no la llevaban a ning\u00fan lado. Nos cont\u00f3 que solo una vez una pareja la fue a visitar y la invit\u00f3 a pasear\u201d.<\/p>\n\n\n\n<p><strong>Para siempre juntos<\/strong><\/p>\n\n\n\n<p>\u201cPrimero te enamor\u00e1s de la idea, despu\u00e9s empieza la construcci\u00f3n del v\u00ednculo y como padre, ten\u00e9s la responsabilidad de demostrarle que los eleg\u00eds para siempre. Si no est\u00e1s preparado, preparate porque primero es la luna de miel con mam\u00e1 y pap\u00e1 y despu\u00e9s, l\u00f3gicamente, vienen las otras etapas donde&nbsp;<strong>surgen sus historias de vida y ten\u00e9s que estar a la altura de poder acompa\u00f1arlos<\/strong>. Es una monta\u00f1a rusa. Una de cal y una de arena\u201d.<\/p>\n\n\n\n<p>\u201cCon cada una llev\u00f3 su tiempo la construcci\u00f3n del v\u00ednculo. \u2018Mam\u00e1 y pap\u00e1, te amo un mont\u00f3n\u2019 est\u00e1 desde el comienzo pero el abrazo del click y la mirada diferente de cuando ellos te sienten su mam\u00e1 existe. Me acuerdo perfecto c\u00f3mo fue con cada una. Valentina hoy tiene 10 a\u00f1os y no le gustaba que la toquen los hombres. Fue una emoci\u00f3n total despu\u00e9s de ocho meses de convivencia cuando se acerc\u00f3 a su pap\u00e1 que estaba sentado y lo abraz\u00f3 por la espalda. Ella lo adopt\u00f3 a \u00e9l\u201d.<\/p>\n\n\n\n<p>La china, la del medio, un d\u00eda de la nada me pregunt\u00f3 por qu\u00e9 tard\u00e9 tanto en ir a buscarla al hogar. Son esos&nbsp;<strong>momentos sublimes<\/strong>&nbsp;con cada una de mis hijas que tienen un pasado, que pasaron muchas cosas, que llegaron con miedos, pero que nos&nbsp;<strong>llenaron de amor y constru\u00edmos entre todos esta familia&#8221;.<\/strong><\/p>\n\n\n\n<p>Antes de terminar la nota, esta mam\u00e1 de cinco cuenta una an\u00e9cdota para que se entienda c\u00f3mo es esto de ser una familia por adopci\u00f3n. \u201cEra el primer cumplea\u00f1os al que iba una de las chicas, el resto de las mam\u00e1s me hicieron la pregunta de por qu\u00e9 hab\u00edamos adoptado tres, cuando ya ten\u00eda hijos. Yo trataba de explicarles que se trata de brindar una familia y no \u201cconseguir\u201d un chico. Me sent\u00ed bien porque todas despejaron dudas y algunos preconceptos sobre las familias por adopci\u00f3n&#8221;.<\/p>\n\n\n\n<p>El resultado es el amor asegurado, esta mam\u00e1s de cinco los explica muy bien: &#8220;Dios nos dio la bendici\u00f3n de que seamos nosotros quienes les podamos brindar a mis hijas todo el amor y la contenci\u00f3n que necesitan. Como le dije a mi marido el d\u00eda que las conoc\u00ed, sent\u00ed lo mismo en la sala de partos cuando tuve a mis hijos biol\u00f3gicos : &#8216;Ah\u00ed est\u00e1s, voy a amarte para siempre\u2019\u201d.<\/p>\n","protected":false},"excerpt":{"rendered":"<p>Luis siempre hab\u00eda so\u00f1ado con ser pap\u00e1 y desde 2010, junto a Luj\u00e1n, intentaron cumplirlo. En 2018, a Lucas y Candela, se sumaron Valentina, M\u00eda y Guada que esperaron, en un hogar de Santiago del Estero, dos a\u00f1os para tener una familia. Cuando Luj\u00e1n se reencontr\u00f3 con Luis en Santiago del Estero, ella ya era [&hellip;]<\/p>\n","protected":false},"author":2,"featured_media":7522,"comment_status":"open","ping_status":"open","sticky":false,"template":"","format":"standard","meta":{"tdm_status":"","tdm_grid_status":"","_joinchat":[],"footnotes":""},"categories":[73],"tags":[],"class_list":{"0":"post-7521","1":"post","2":"type-post","3":"status-publish","4":"format-standard","5":"has-post-thumbnail","7":"category-noticias-general"},"amp_enabled":true,"_links":{"self":[{"href":"https:\/\/www.todoeldia.com\/index.php\/wp-json\/wp\/v2\/posts\/7521","targetHints":{"allow":["GET"]}}],"collection":[{"href":"https:\/\/www.todoeldia.com\/index.php\/wp-json\/wp\/v2\/posts"}],"about":[{"href":"https:\/\/www.todoeldia.com\/index.php\/wp-json\/wp\/v2\/types\/post"}],"author":[{"embeddable":true,"href":"https:\/\/www.todoeldia.com\/index.php\/wp-json\/wp\/v2\/users\/2"}],"replies":[{"embeddable":true,"href":"https:\/\/www.todoeldia.com\/index.php\/wp-json\/wp\/v2\/comments?post=7521"}],"version-history":[{"count":1,"href":"https:\/\/www.todoeldia.com\/index.php\/wp-json\/wp\/v2\/posts\/7521\/revisions"}],"predecessor-version":[{"id":7526,"href":"https:\/\/www.todoeldia.com\/index.php\/wp-json\/wp\/v2\/posts\/7521\/revisions\/7526"}],"wp:featuredmedia":[{"embeddable":true,"href":"https:\/\/www.todoeldia.com\/index.php\/wp-json\/wp\/v2\/media\/7522"}],"wp:attachment":[{"href":"https:\/\/www.todoeldia.com\/index.php\/wp-json\/wp\/v2\/media?parent=7521"}],"wp:term":[{"taxonomy":"category","embeddable":true,"href":"https:\/\/www.todoeldia.com\/index.php\/wp-json\/wp\/v2\/categories?post=7521"},{"taxonomy":"post_tag","embeddable":true,"href":"https:\/\/www.todoeldia.com\/index.php\/wp-json\/wp\/v2\/tags?post=7521"}],"curies":[{"name":"wp","href":"https:\/\/api.w.org\/{rel}","templated":true}]}}