{"id":7561,"date":"2020-10-04T12:45:26","date_gmt":"2020-10-04T15:45:26","guid":{"rendered":"https:\/\/www.todoeldia.com\/?p=7561"},"modified":"2020-10-04T12:45:27","modified_gmt":"2020-10-04T15:45:27","slug":"la-provincia-habilitara-una-nueva-terapia-intensiva-en-el-onativia","status":"publish","type":"post","link":"https:\/\/www.todoeldia.com\/index.php\/2020\/10\/04\/la-provincia-habilitara-una-nueva-terapia-intensiva-en-el-onativia\/","title":{"rendered":"La Provincia habilitar\u00e1 una nueva Terapia Intensiva en el O\u00f1ativia"},"content":{"rendered":"\n<p>El gobernador S\u00e1enz visit\u00f3 la UTI que fue construida en solo 20 d\u00edas. Tiene capacidad para 22 camas y comenzar\u00e1 a recibir pacientes el mi\u00e9rcoles pr\u00f3ximo. \u201cEstamos haciendo una gran inversi\u00f3n en salud, con obras que hace mucho no se hac\u00edan y que quedar\u00e1n para los salte\u00f1os\u201d, dijo el mandatario.<\/p>\n\n\n\n<p>gobernador&nbsp;Gustavo S\u00e1enz&nbsp;supervis\u00f3 y recorri\u00f3 esta ma\u00f1ana la nueva&nbsp;Unidad de Terapia Intensiva o de alta complejidad del Hospital Arturo O\u00f1ativia.&nbsp;Estuvo acompa\u00f1ado por el ministro de Infraestructura&nbsp;Sergio Camacho&nbsp;y el gerente de la instituci\u00f3n&nbsp;Marcelo Nallar.<\/p>\n\n\n\n<p>Sumando nuevas camas tanto en el O\u00f1ativia como en el Hospital Materno Infantil, S\u00e1enz indic\u00f3 que se seguir\u00e1 trabajando en esa l\u00ednea con la apertura de m\u00e1s salas de cuidados intensivos como se har\u00e1 en el Papa Francisco y en el interior provincial. Afirm\u00f3 que \u201cEstamos haciendo una gran inversi\u00f3n en salud, con obras que hace mucho no se hac\u00edan y que quedar\u00e1n para los salte\u00f1os\u201d.<\/p>\n\n\n\n<p>En la recorrida por las nuevas, el Gobernador salud\u00f3 y felicit\u00f3 a todo el personal, destacando \u201csu gran compromiso, trabajando incasablemente para cuidarnos\u201d.&nbsp;<\/p>\n\n\n\n<p>Por su parte, Nallar destac\u00f3 la importancia de la presencia del Gobernador en el Hospital \u201cporque todo el equipo de salud se siente acompa\u00f1ado, cuando estamos pasando una fase bastante dura de la pandemia\u201d.<\/p>\n\n\n\n<p>La nueva UTI tiene capacidad para 22 camas y comenzar\u00e1 a funcionar el pr\u00f3ximo mi\u00e9rcoles con 10 pacientes, para progresivamente incrementar la ocupaci\u00f3n hasta llegar al 100 por ciento. Esta complementa a la ya existente de 12 camas.<\/p>\n\n\n\n<p>La UTI presenta un nuevo concepto en cuidados intensivos, ya que se organiza en boxes independientes con camas individuales, donde el paciente una vez que es internado ya no&nbsp;se traslada y es asistido integralmente con los cuidados que necesite como respirador, di\u00e1lisis, etc.<\/p>\n\n\n\n<p>La unidad est\u00e1 a cargo de un grupo de profesionales y especialistas en enfermer\u00eda, cl\u00ednica m\u00e9dica, diabetistas, intensivistas, cardi\u00f3logos y cirujanos, que realizan un abordaje integral de los pacientes.<\/p>\n\n\n\n<p>Una de las innovaciones introducidas es la ampliaci\u00f3n de la capacidad el\u00e9ctrica de la Terapia que permitir\u00e1 conectar al mismo tiempo todo el equipamiento m\u00e9dico que se necesite. &nbsp;Se incorporan tambi\u00e9n un ec\u00f3grafo y m\u00e1quina de Rayos X port\u00e1til.&nbsp;<\/p>\n\n\n\n<p>En solo 20 d\u00edas, a trav\u00e9s de un trabajo articulado entre los ministerios de Infraestructura y de Salud, y con un 100 por ciento de recursos provinciales, se refuncionaliz\u00f3 un sector de internaci\u00f3n y se ampli\u00f3 la capacidad de gases que permitir\u00e1 tambi\u00e9n conectar la c\u00e1mara hiperb\u00e1rica.<\/p>\n\n\n\n<p><br>\u201cEsta es una obra muy importante para el Hospital en el \u00e1rea de gasometr\u00eda ya que permitir\u00e1 asistir al mismo tiempo a 34 pacientes ventilados, m\u00e1s la conexi\u00f3n de la c\u00e1mara hiperb\u00e1rica\u201d, especific\u00f3 Marcelo Nallar al resaltar la importancia de las inversiones provinciales realizadas en salud en los \u00faltimos meses: \u201cNos permitir\u00e1 estar mejor preparados para atender la demanda\u201d, dijo el profesional.<\/p>\n\n\n\n<p>La sala de Terapia Intensiva tiene un sistema de ventilaci\u00f3n que introduce la novedad de la permanente renovaci\u00f3n del aire; es decir que cada box tiene presi\u00f3n negativa para filtrar el aire, evitando los riesgos de contagios del personal y pacientes.<\/p>\n\n\n\n<p>Adem\u00e1s hay 4 camas que poseen presi\u00f3n positiva para actuar con el programa de trasplantes que realiza el Hospital O\u00f1ativia y que lo ha convertido en uno de los m\u00e1s importantes de la regi\u00f3n.&nbsp;<\/p>\n\n\n\n<p>Es de destacar que el programa de trasplantes se realiza en la instituci\u00f3n desde hace 10 a\u00f1os y s\u00f3lo en este a\u00f1o se han hecho 20 y desde que inici\u00f3 la pandemia de coronavirus, 11.<\/p>\n\n\n\n<p>Cada una de las mejoras realizadas redunda en la salud y la calidad de atenci\u00f3n de los pacientes, \u201cya que se es un hospital p\u00fablico, otorga equidad al estar al alcance de todos, independientemente de si se tiene o no obra social\u201d, explic\u00f3 Nallar.<\/p>\n\n\n\n<p>Para instalar la nueva Terapia se refuncionaliz\u00f3 la Sala de Mujeres.<\/p>\n\n\n\n<p><br>Caracter\u00edsticas&nbsp;<\/p>\n\n\n\n<p><br>Se realiz\u00f3 la refuncionalizaci\u00f3n del sector de internaci\u00f3n para la nueva Terapia Intensiva.<\/p>\n\n\n\n<p>Se intervino en un espacio de 411 metros cuadrados para dar lugar a un nuevo sector de UTI a fin de ampliar la capacidad existente. Adem\u00e1s tiene un sector de Enfermer\u00eda y se ampli\u00f3 otro para ba\u00f1os anexos, con una superficie de 23 metros cuadrados.<\/p>\n\n\n\n<p>Incluy\u00f3 tareas de demoliciones; mamposter\u00eda; steel framing; contrapisos, pisos y z\u00f3calos; cielorrasos; revestimientos; carpinter\u00eda; pintura; e instalaciones sanitarias, el\u00e9ctrica y gases m\u00e9dicos, entre otras tareas.<\/p>\n","protected":false},"excerpt":{"rendered":"<p>El gobernador S\u00e1enz visit\u00f3 la UTI que fue construida en solo 20 d\u00edas. Tiene capacidad para 22 camas y comenzar\u00e1 a recibir pacientes el mi\u00e9rcoles pr\u00f3ximo. \u201cEstamos haciendo una gran inversi\u00f3n en salud, con obras que hace mucho no se hac\u00edan y que quedar\u00e1n para los salte\u00f1os\u201d, dijo el mandatario. gobernador&nbsp;Gustavo S\u00e1enz&nbsp;supervis\u00f3 y recorri\u00f3 esta [&hellip;]<\/p>\n","protected":false},"author":2,"featured_media":7562,"comment_status":"open","ping_status":"open","sticky":false,"template":"","format":"standard","meta":{"tdm_status":"","tdm_grid_status":"","_joinchat":[],"footnotes":""},"categories":[73],"tags":[],"class_list":{"0":"post-7561","1":"post","2":"type-post","3":"status-publish","4":"format-standard","5":"has-post-thumbnail","7":"category-noticias-general"},"amp_enabled":true,"_links":{"self":[{"href":"https:\/\/www.todoeldia.com\/index.php\/wp-json\/wp\/v2\/posts\/7561","targetHints":{"allow":["GET"]}}],"collection":[{"href":"https:\/\/www.todoeldia.com\/index.php\/wp-json\/wp\/v2\/posts"}],"about":[{"href":"https:\/\/www.todoeldia.com\/index.php\/wp-json\/wp\/v2\/types\/post"}],"author":[{"embeddable":true,"href":"https:\/\/www.todoeldia.com\/index.php\/wp-json\/wp\/v2\/users\/2"}],"replies":[{"embeddable":true,"href":"https:\/\/www.todoeldia.com\/index.php\/wp-json\/wp\/v2\/comments?post=7561"}],"version-history":[{"count":1,"href":"https:\/\/www.todoeldia.com\/index.php\/wp-json\/wp\/v2\/posts\/7561\/revisions"}],"predecessor-version":[{"id":7563,"href":"https:\/\/www.todoeldia.com\/index.php\/wp-json\/wp\/v2\/posts\/7561\/revisions\/7563"}],"wp:featuredmedia":[{"embeddable":true,"href":"https:\/\/www.todoeldia.com\/index.php\/wp-json\/wp\/v2\/media\/7562"}],"wp:attachment":[{"href":"https:\/\/www.todoeldia.com\/index.php\/wp-json\/wp\/v2\/media?parent=7561"}],"wp:term":[{"taxonomy":"category","embeddable":true,"href":"https:\/\/www.todoeldia.com\/index.php\/wp-json\/wp\/v2\/categories?post=7561"},{"taxonomy":"post_tag","embeddable":true,"href":"https:\/\/www.todoeldia.com\/index.php\/wp-json\/wp\/v2\/tags?post=7561"}],"curies":[{"name":"wp","href":"https:\/\/api.w.org\/{rel}","templated":true}]}}