{"id":7564,"date":"2020-10-04T12:54:33","date_gmt":"2020-10-04T15:54:33","guid":{"rendered":"https:\/\/www.todoeldia.com\/?p=7564"},"modified":"2020-10-04T12:54:34","modified_gmt":"2020-10-04T15:54:34","slug":"jujuy-hicieron-una-fiesta-y-hasta-contrataron-una-banda","status":"publish","type":"post","link":"https:\/\/www.todoeldia.com\/index.php\/2020\/10\/04\/jujuy-hicieron-una-fiesta-y-hasta-contrataron-una-banda\/","title":{"rendered":"Jujuy: hicieron una fiesta y hasta contrataron una banda"},"content":{"rendered":"\n<p><a href=\"https:\/\/www.somosjujuy.com.ar\/policiales\/198038-demoraron-a-25-personas-por-una-fiesta-clandestina-con-show-musical-en-los-alisos\">Demoraron a 25 personas por una fiesta clandestina con show musical en Los Alisos<\/a><\/p>\n\n\n\n<p>El procedimiento ocurri\u00f3 en la noche de este s\u00e1bado. Participaba una banda contratada para animar el evento.<\/p>\n\n\n\n<p>La irresponsabilidad, falta de cumplimiento de protocolos y normativas no deja de ser una situaci\u00f3n habitual en Jujuy.&nbsp;En la noche de este s\u00e1bado la Polic\u00eda intervino en una fiesta que se realizaba en Los Alisos y demor\u00f3 a un gran grupo de personas.<\/p>\n\n\n\n<p>Desde la fuerza precisaron que&nbsp;25 juje\u00f1os fueron aprehendidos por participar de la actividad que no est\u00e1 permitida en el marco de la emergencia sanitaria&nbsp;por Covid-19 declarada en la provincia.<\/p>\n\n\n\n<p>\u00abLos asistentes consum\u00edan bebidas alcoh\u00f3licas&nbsp;y violaron todos los protocolos del aislamiento obligatorio. Incluso&nbsp;contrataron un grupo musical que animaba el evento\u00ab, detall\u00f3 la Polic\u00eda a trav\u00e9s de las redes sociales, donde compartieron un video del operativo desplegado.<\/p>\n\n\n\n<p>El Gobierno juje\u00f1o autoriz\u00f3 en las \u00faltimas horas la reuniones pero \u00fanicamente a grupos familiares y con un m\u00e1ximo de 10 participantes, de acuerdo a lo informado. Es decir, contin\u00faan vedados los eventos de mayor magnitud.<\/p>\n\n\n\n<p>SOMOS JUJUY<\/p>\n","protected":false},"excerpt":{"rendered":"<p>Demoraron a 25 personas por una fiesta clandestina con show musical en Los Alisos El procedimiento ocurri\u00f3 en la noche de este s\u00e1bado. Participaba una banda contratada para animar el evento. La irresponsabilidad, falta de cumplimiento de protocolos y normativas no deja de ser una situaci\u00f3n habitual en Jujuy.&nbsp;En la noche de este s\u00e1bado la [&hellip;]<\/p>\n","protected":false},"author":2,"featured_media":7565,"comment_status":"open","ping_status":"open","sticky":false,"template":"","format":"standard","meta":{"tdm_status":"","tdm_grid_status":"","_joinchat":[],"footnotes":""},"categories":[73],"tags":[],"class_list":{"0":"post-7564","1":"post","2":"type-post","3":"status-publish","4":"format-standard","5":"has-post-thumbnail","7":"category-noticias-general"},"amp_enabled":true,"_links":{"self":[{"href":"https:\/\/www.todoeldia.com\/index.php\/wp-json\/wp\/v2\/posts\/7564","targetHints":{"allow":["GET"]}}],"collection":[{"href":"https:\/\/www.todoeldia.com\/index.php\/wp-json\/wp\/v2\/posts"}],"about":[{"href":"https:\/\/www.todoeldia.com\/index.php\/wp-json\/wp\/v2\/types\/post"}],"author":[{"embeddable":true,"href":"https:\/\/www.todoeldia.com\/index.php\/wp-json\/wp\/v2\/users\/2"}],"replies":[{"embeddable":true,"href":"https:\/\/www.todoeldia.com\/index.php\/wp-json\/wp\/v2\/comments?post=7564"}],"version-history":[{"count":1,"href":"https:\/\/www.todoeldia.com\/index.php\/wp-json\/wp\/v2\/posts\/7564\/revisions"}],"predecessor-version":[{"id":7566,"href":"https:\/\/www.todoeldia.com\/index.php\/wp-json\/wp\/v2\/posts\/7564\/revisions\/7566"}],"wp:featuredmedia":[{"embeddable":true,"href":"https:\/\/www.todoeldia.com\/index.php\/wp-json\/wp\/v2\/media\/7565"}],"wp:attachment":[{"href":"https:\/\/www.todoeldia.com\/index.php\/wp-json\/wp\/v2\/media?parent=7564"}],"wp:term":[{"taxonomy":"category","embeddable":true,"href":"https:\/\/www.todoeldia.com\/index.php\/wp-json\/wp\/v2\/categories?post=7564"},{"taxonomy":"post_tag","embeddable":true,"href":"https:\/\/www.todoeldia.com\/index.php\/wp-json\/wp\/v2\/tags?post=7564"}],"curies":[{"name":"wp","href":"https:\/\/api.w.org\/{rel}","templated":true}]}}