{"id":75672,"date":"2024-04-05T11:04:46","date_gmt":"2024-04-05T14:04:46","guid":{"rendered":"https:\/\/www.todoeldia.com\/?p=75672"},"modified":"2024-04-05T11:04:47","modified_gmt":"2024-04-05T14:04:47","slug":"en-junio-se-vienen-dos-fines-de-semana-largos-con-siete-dias-de-descanso-y-apenas-dos-laborables-2","status":"publish","type":"post","link":"https:\/\/www.todoeldia.com\/index.php\/2024\/04\/05\/en-junio-se-vienen-dos-fines-de-semana-largos-con-siete-dias-de-descanso-y-apenas-dos-laborables-2\/","title":{"rendered":"En junio se vienen dos fines de semana largos con siete d\u00edas de descanso y apenas dos laborables"},"content":{"rendered":"\n<p>Luego del feriado por Semana Santa y el D\u00eda del Veterano de Malvinas se genera un nuevo per\u00edodo de descanso en la Argentina.<\/p>\n\n\n\n<p>Con la llegada del invierno se vienen en junio dos fines de semana largos consecutivos en la Argentina que generan un per\u00edodo de siete d\u00edas de descanso y en el medio tienen apenas dos d\u00edas laborales, por lo que es una gran oportunidad para aprovechar y hacer turismo por los distintos rincones del pa\u00eds.<\/p>\n\n\n\n<p>Esto se produce porque el lunes 17 de junio es el feriado inamovible por el paso a la inmortalidad del General Don Mart\u00edn Miguel de G\u00fcemes y previamente el s\u00e1bado 15 y el domingo 16 de junio son dos d\u00edas no laborables, as\u00ed que el esquema queda de la siguiente manera:<\/p>\n\n\n\n<p>S\u00e1bado 15 de junio: descanso laboral<\/p>\n\n\n\n<p>Domingo 16 de junio: descanso laboral<\/p>\n\n\n\n<p>Lunes 17 de junio: feriado trasladable por el homenaje a G\u00fcemes<\/p>\n\n\n\n<figure class=\"wp-block-image size-full is-resized\"><img loading=\"lazy\" decoding=\"async\" width=\"861\" height=\"720\" src=\"https:\/\/www.todoeldia.com\/wp-content\/uploads\/2024\/04\/image-35.png\" alt=\"\" class=\"wp-image-75674\" style=\"width:1035px;height:auto\" srcset=\"https:\/\/www.todoeldia.com\/wp-content\/uploads\/2024\/04\/image-35.png 861w, https:\/\/www.todoeldia.com\/wp-content\/uploads\/2024\/04\/image-35-300x251.png 300w, https:\/\/www.todoeldia.com\/wp-content\/uploads\/2024\/04\/image-35-768x642.png 768w, https:\/\/www.todoeldia.com\/wp-content\/uploads\/2024\/04\/image-35-696x582.png 696w, https:\/\/www.todoeldia.com\/wp-content\/uploads\/2024\/04\/image-35-502x420.png 502w\" sizes=\"auto, (max-width: 861px) 100vw, 861px\" \/><\/figure>\n\n\n\n<p>Luego, el martes 18 y el mi\u00e9rcoles 19 de junio se trabaja de manera normal, pero el jueves 20 de junio es feriado inamovible por el D\u00eda de la Soberan\u00eda Nacional, en homenaje al paso a la inmortalidad del General Manuel Belgrano, y el viernes 21 de junio fue declarado como puente tur\u00edstico, por lo que el s\u00e1bado 22 y el viernes 23 de junio tampoco se trabaja y el feriado extra largo queda compuesto de la siguiente manera:<\/p>\n\n\n\n<p>Jueves 20 de junio: feriado homenaje a Manuel Belgrano (tambi\u00e9n conocido como el D\u00eda de la Bandera)<\/p>\n\n\n\n<p>Viernes 21 de junio: puente tur\u00edstico<\/p>\n\n\n\n<p>S\u00e1bado 22 de junio: descanso laboral<\/p>\n\n\n\n<p>Domingo 23 de junio: descanso laboral<\/p>\n","protected":false},"excerpt":{"rendered":"<p>Luego del feriado por Semana Santa y el D\u00eda del Veterano de Malvinas se genera un nuevo per\u00edodo de descanso en la Argentina. Con la llegada del invierno se vienen en junio dos fines de semana largos consecutivos en la Argentina que generan un per\u00edodo de siete d\u00edas de descanso y en el medio tienen [&hellip;]<\/p>\n","protected":false},"author":2,"featured_media":75673,"comment_status":"open","ping_status":"open","sticky":false,"template":"","format":"standard","meta":{"tdm_status":"","tdm_grid_status":"","_joinchat":[],"footnotes":""},"categories":[73],"tags":[],"class_list":{"0":"post-75672","1":"post","2":"type-post","3":"status-publish","4":"format-standard","5":"has-post-thumbnail","7":"category-noticias-general"},"amp_enabled":true,"_links":{"self":[{"href":"https:\/\/www.todoeldia.com\/index.php\/wp-json\/wp\/v2\/posts\/75672","targetHints":{"allow":["GET"]}}],"collection":[{"href":"https:\/\/www.todoeldia.com\/index.php\/wp-json\/wp\/v2\/posts"}],"about":[{"href":"https:\/\/www.todoeldia.com\/index.php\/wp-json\/wp\/v2\/types\/post"}],"author":[{"embeddable":true,"href":"https:\/\/www.todoeldia.com\/index.php\/wp-json\/wp\/v2\/users\/2"}],"replies":[{"embeddable":true,"href":"https:\/\/www.todoeldia.com\/index.php\/wp-json\/wp\/v2\/comments?post=75672"}],"version-history":[{"count":1,"href":"https:\/\/www.todoeldia.com\/index.php\/wp-json\/wp\/v2\/posts\/75672\/revisions"}],"predecessor-version":[{"id":75675,"href":"https:\/\/www.todoeldia.com\/index.php\/wp-json\/wp\/v2\/posts\/75672\/revisions\/75675"}],"wp:featuredmedia":[{"embeddable":true,"href":"https:\/\/www.todoeldia.com\/index.php\/wp-json\/wp\/v2\/media\/75673"}],"wp:attachment":[{"href":"https:\/\/www.todoeldia.com\/index.php\/wp-json\/wp\/v2\/media?parent=75672"}],"wp:term":[{"taxonomy":"category","embeddable":true,"href":"https:\/\/www.todoeldia.com\/index.php\/wp-json\/wp\/v2\/categories?post=75672"},{"taxonomy":"post_tag","embeddable":true,"href":"https:\/\/www.todoeldia.com\/index.php\/wp-json\/wp\/v2\/tags?post=75672"}],"curies":[{"name":"wp","href":"https:\/\/api.w.org\/{rel}","templated":true}]}}